{"id":16888,"date":"2025-07-16T09:37:48","date_gmt":"2025-07-16T15:37:48","guid":{"rendered":"https:\/\/fge.oaxaca.gob.mx\/?post_type=noticias&amp;p=9529"},"modified":"2025-07-16T09:37:48","modified_gmt":"2025-07-16T15:37:48","slug":"boletin-1601-obtiene-fgeo-sentencia-condenatoria-de-20-anos-de-prision-por-violacion-cometida-en-oaxaca-de-juarez","status":"publish","type":"noticias","link":"https:\/\/portal.fgeo.gob.mx\/index.php\/archivos\/noticias\/boletin-1601-obtiene-fgeo-sentencia-condenatoria-de-20-anos-de-prision-por-violacion-cometida-en-oaxaca-de-juarez","title":{"rendered":"BOLET\u00cdN 1,601.- Obtiene FGEO sentencia condenatoria de 20 a\u00f1os de prisi\u00f3n por violaci\u00f3n cometida en Oaxaca de Ju\u00e1rez"},"content":{"rendered":"<p style=\"font-weight: 400\"><strong>Oaxaca de Ju\u00e1rez, Oax. 16 de julio de 2025.-<\/strong>\u00a0Como parte de las acciones para atender en forma prioritaria la investigaci\u00f3n de delitos cometidos en contra de ni\u00f1as, ni\u00f1os y adolescentes, la Fiscal\u00eda General del Estado de Oaxaca (FGEO) obtuvo una sentencia condenatoria de 20 a\u00f1os y tres meses de prisi\u00f3n en contra de una persona del sexo masculino identificada como Emilio L.G., por el delito de violaci\u00f3n agravada cometida en agravio de una ni\u00f1a, hechos ocurridos en la regi\u00f3n de Valles Centrales.<\/p>\n<p style=\"font-weight: 400\">De acuerdo con el expediente, los hechos ocurrieron cuando la v\u00edctima -cuyos datos est\u00e1n reservados por ley- ten\u00eda nueve a\u00f1os de edad y se encontraba de vacaciones en un domicilio familiar localizado en la agencia municipal del Ejido Guadalupe Victoria perteneciente a la ciudad de Oaxaca de Ju\u00e1rez, lugar donde fue sometida por el imputado quien aprovech\u00f3 la ausencia de los familiares para agredirla sexualmente.<\/p>\n<p style=\"font-weight: 400\">Derivado de la denuncia penal, la FGEO inici\u00f3 las investigaciones a trav\u00e9s de la Vicefiscal\u00eda General de Control Regional, adem\u00e1s realiz\u00f3 los trabajos ministeriales correspondientes, lo que permiti\u00f3 obtener una orden de aprehensi\u00f3n en contra del imputado y llevarlo ante el Juez que lo requiri\u00f3.<\/p>\n<p style=\"font-weight: 400\">\u00a0Tras el desahogo de las pruebas presentadas por la Fiscal\u00eda de Oaxaca, el Juez de la causa dict\u00f3 sentencia condenatoria de 20 a\u00f1os y tres meses de prisi\u00f3n en contra de Emilio L.G., por el delito de violaci\u00f3n agravada, adem\u00e1s de imponer una multa econ\u00f3mica y el pago por reparaci\u00f3n del da\u00f1o en abstracto.<\/p>\n<p style=\"font-weight: 400\">\u00a0La Fiscal\u00eda General del Estado de Oaxaca est\u00e1 comprometida con garantizar procesos de procuraci\u00f3n de justicia con perspectiva de infancia y adolescencia en los casos en los que las v\u00edctimas del delito sean ni\u00f1as, ni\u00f1os o adolescentes, esto con el objetivo de garantizarles procesos adecuados y eficientes que les permitan acceder plenamente a su derecho a la justicia y reparaci\u00f3n del da\u00f1o.<\/p>\n","protected":false},"author":2,"featured_media":9436,"comment_status":"closed","ping_status":"closed","template":"","tags":[],"categoria_noticias":[],"class_list":["post-16888","noticias","type-noticias","status-publish","has-post-thumbnail","hentry"],"acf":[],"mb":[],"mfb_rest_fields":["title","gutenberg_elementor_mode"],"_links":{"self":[{"href":"https:\/\/portal.fgeo.gob.mx\/index.php\/wp-json\/wp\/v2\/noticias\/16888","targetHints":{"allow":["GET"]}}],"collection":[{"href":"https:\/\/portal.fgeo.gob.mx\/index.php\/wp-json\/wp\/v2\/noticias"}],"about":[{"href":"https:\/\/portal.fgeo.gob.mx\/index.php\/wp-json\/wp\/v2\/types\/noticias"}],"author":[{"embeddable":true,"href":"https:\/\/portal.fgeo.gob.mx\/index.php\/wp-json\/wp\/v2\/users\/2"}],"replies":[{"embeddable":true,"href":"https:\/\/portal.fgeo.gob.mx\/index.php\/wp-json\/wp\/v2\/comments?post=16888"}],"wp:featuredmedia":[{"embeddable":true,"href":"https:\/\/portal.fgeo.gob.mx\/index.php\/wp-json\/"}],"wp:attachment":[{"href":"https:\/\/portal.fgeo.gob.mx\/index.php\/wp-json\/wp\/v2\/media?parent=16888"}],"wp:term":[{"taxonomy":"post_tag","embeddable":true,"href":"https:\/\/portal.fgeo.gob.mx\/index.php\/wp-json\/wp\/v2\/tags?post=16888"},{"taxonomy":"categoria_noticias","embeddable":true,"href":"https:\/\/portal.fgeo.gob.mx\/index.php\/wp-json\/wp\/v2\/categoria_noticias?post=16888"}],"curies":[{"name":"wp","href":"https:\/\/api.w.org\/{rel}","templated":true}]}}