{"id":16887,"date":"2025-07-15T17:30:33","date_gmt":"2025-07-15T23:30:33","guid":{"rendered":"https:\/\/fge.oaxaca.gob.mx\/?post_type=noticias&amp;p=9527"},"modified":"2025-07-15T17:30:33","modified_gmt":"2025-07-15T23:30:33","slug":"boletin-1600-fiscalia-de-oaxaca-obtiene-vinculacion-a-proceso-y-prision-preventiva-por-feminicidio-cometido-en-alvaro-obregon-municipio-de-juchitan-de-zaragoza","status":"publish","type":"noticias","link":"https:\/\/portal.fgeo.gob.mx\/index.php\/archivos\/noticias\/boletin-1600-fiscalia-de-oaxaca-obtiene-vinculacion-a-proceso-y-prision-preventiva-por-feminicidio-cometido-en-alvaro-obregon-municipio-de-juchitan-de-zaragoza","title":{"rendered":"BOLET\u00cdN 1,600.- Fiscal\u00eda de Oaxaca obtiene vinculaci\u00f3n a proceso y prisi\u00f3n preventiva por feminicidio cometido en \u00c1lvaro Obreg\u00f3n, municipio de Juchit\u00e1n de Zaragoza"},"content":{"rendered":"<p><strong>Oaxaca de Ju\u00e1rez, Oax. 15 de julio de 2025.-<\/strong> En seguimiento a casos de violencia de g\u00e9nero contra la mujer y gracias al trabajo ministerial, la Fiscal\u00eda General del Estado de Oaxaca (FGEO) obtuvo auto de vinculaci\u00f3n a proceso y prisi\u00f3n preventiva en contra de una persona del sexo masculino identificado por las iniciales J.M.G.Z., por el delito de feminicidio, hechos ocurridos en la regi\u00f3n del Istmo de Tehuantepec.<\/p>\n<p>De acuerdo con el expediente penal del caso, los hechos ocurrieron el 04 de julio de 2025, en la Agencia Municipal de \u00c1lvaro Obreg\u00f3n, perteneciente a Juchit\u00e1n de Zaragoza, lugar donde la v\u00edctima -una mujer identificada como M.A.A.- fue agredida y privada de la vida con un arma corto contundente (cuchillo).<\/p>\n<p>La Fiscal\u00eda de Oaxaca detall\u00f3 que la v\u00edctima -M.A.A.- estaba reportada como No Localizada, luego que la familia denunci\u00f3 su ausencia el 05 de julio de 2025, por lo que de inmediato se activaron los protocolos de b\u00fasqueda correspondientes, sin embargo, fue localizada sin vida el 7 de julio, en la comunidad de \u00c1lvaro Obreg\u00f3n, Juchit\u00e1n de Zaragoza.<\/p>\n<p>Al tener conocimiento de los hechos, la FGEO -a trav\u00e9s de la Vicefiscal\u00eda Regional del Istmo- llev\u00f3 a cabo las investigaciones apegadas a los protocolos de g\u00e9nero, que condujeron a la detenci\u00f3n de J.M.G.Z.<\/p>\n<p>Como resultado de estos trabajos encabezados por la FGEO, en un operativo conjunto en el que particip\u00f3 la Agencia Estatal de Investigaciones (AEI), la Secretar\u00eda de la Defensa Nacional, Secretar\u00eda de Marina, Guardia Nacional y Polic\u00eda Estatal, el 10 de julio de 2025, se logr\u00f3 la detenci\u00f3n de J.M.G.Z., en inmediaciones de la colonia Cheguigo, en Juchit\u00e1n de Zaragoza, por el delito de feminicidio, quien fue puesto a disposici\u00f3n de la autoridad correspondiente para determinar su situaci\u00f3n legal.<\/p>\n<p>En audiencia, y tras evaluar los datos de prueba aportados por la Fiscal\u00eda de Oaxaca, el Juez dict\u00f3 auto de vinculaci\u00f3n a proceso en contra de J.M.G.Z., por el delito de feminicidio, imponiendo la medida cautelar de prisi\u00f3n preventiva.<\/p>\n<p>En casos de feminicidio, la Fiscal\u00eda General del Estado de Oaxaca se compromete a realizar investigaciones correspondientes, a fin de presentar ante la justicia y aplicar todo el rigor de la Ley a quien o quienes resulten responsables por este tipo de delito.<\/p>\n<p><img decoding=\"async\" class=\"alignnone size-medium wp-image-9528\" src=\"https:\/\/portal.fgeo.gob.mx\/wp-content\/uploads\/2025\/07\/WhatsApp-Image-2025-07-10-at-9.39.36-AM-300x76.jpeg\" alt=\"\" width=\"300\" height=\"76\" \/><\/p>\n","protected":false},"author":2,"featured_media":9436,"comment_status":"closed","ping_status":"closed","template":"","tags":[],"categoria_noticias":[],"class_list":["post-16887","noticias","type-noticias","status-publish","has-post-thumbnail","hentry"],"acf":[],"mb":[],"mfb_rest_fields":["title","gutenberg_elementor_mode"],"_links":{"self":[{"href":"https:\/\/portal.fgeo.gob.mx\/index.php\/wp-json\/wp\/v2\/noticias\/16887","targetHints":{"allow":["GET"]}}],"collection":[{"href":"https:\/\/portal.fgeo.gob.mx\/index.php\/wp-json\/wp\/v2\/noticias"}],"about":[{"href":"https:\/\/portal.fgeo.gob.mx\/index.php\/wp-json\/wp\/v2\/types\/noticias"}],"author":[{"embeddable":true,"href":"https:\/\/portal.fgeo.gob.mx\/index.php\/wp-json\/wp\/v2\/users\/2"}],"replies":[{"embeddable":true,"href":"https:\/\/portal.fgeo.gob.mx\/index.php\/wp-json\/wp\/v2\/comments?post=16887"}],"wp:featuredmedia":[{"embeddable":true,"href":"https:\/\/portal.fgeo.gob.mx\/index.php\/wp-json\/"}],"wp:attachment":[{"href":"https:\/\/portal.fgeo.gob.mx\/index.php\/wp-json\/wp\/v2\/media?parent=16887"}],"wp:term":[{"taxonomy":"post_tag","embeddable":true,"href":"https:\/\/portal.fgeo.gob.mx\/index.php\/wp-json\/wp\/v2\/tags?post=16887"},{"taxonomy":"categoria_noticias","embeddable":true,"href":"https:\/\/portal.fgeo.gob.mx\/index.php\/wp-json\/wp\/v2\/categoria_noticias?post=16887"}],"curies":[{"name":"wp","href":"https:\/\/api.w.org\/{rel}","templated":true}]}}