{"id":16886,"date":"2025-07-15T15:37:51","date_gmt":"2025-07-15T21:37:51","guid":{"rendered":"https:\/\/fge.oaxaca.gob.mx\/?post_type=noticias&amp;p=9525"},"modified":"2025-07-15T15:37:51","modified_gmt":"2025-07-15T21:37:51","slug":"boletin-1599-fiscalia-de-oaxaca-obtiene-sentencia-de-14-anos-de-prision-contra-responsable-de-violacion-cometida-en-mazatlan-villa-de-flores","status":"publish","type":"noticias","link":"https:\/\/portal.fgeo.gob.mx\/index.php\/archivos\/noticias\/boletin-1599-fiscalia-de-oaxaca-obtiene-sentencia-de-14-anos-de-prision-contra-responsable-de-violacion-cometida-en-mazatlan-villa-de-flores","title":{"rendered":"BOLET\u00cdN 1,599.- Fiscal\u00eda de Oaxaca obtiene sentencia de 14 a\u00f1os de prisi\u00f3n contra responsable de violaci\u00f3n cometida en Mazatl\u00e1n Villa de Flores"},"content":{"rendered":"<p><strong>Oaxaca de Ju\u00e1rez, Oax. 15 de julio de 2025.- <\/strong>Como parte de la estrategia de combate a los delitos cometidos en contra de ni\u00f1as, ni\u00f1os, adolescentes y mujeres, la Fiscal\u00eda General del Estado de Oaxaca (FGEO) obtuvo una sentencia de 14 a\u00f1os de prisi\u00f3n en contra de una persona del sexo masculino identificada como Eduardo G.R., por su responsabilidad en la comisi\u00f3n del delito de violaci\u00f3n, hechos ocurridos en la regi\u00f3n Sierra de Flores Mag\u00f3n.<\/p>\n<p>&nbsp;<\/p>\n<p>De acuerdo al expediente penal del caso, la v\u00edctima termin\u00f3 una relaci\u00f3n sentimental con el agresor, pues ten\u00eda comportamientos caracter\u00edsticos de la celotipia.<\/p>\n<p>&nbsp;<\/p>\n<p>Pero el 08 de agosto de 2021, en inmediaciones del municipio de Mazatl\u00e1n Villa de Flores, distrito de Teotitl\u00e1n, la v\u00edctima (cuya identidad \u00e9sta reservada por ley) fue sorprendida y agredida al interior de un domicilio, hechos por los cuales la persona agredida se\u00f1al\u00f3 a su ex pareja.<\/p>\n<p>&nbsp;<\/p>\n<p>Luego que la Fiscal\u00eda de Oaxaca recibi\u00f3 la denuncia, se iniciaron las investigaciones correspondientes a trav\u00e9s de la Vicefiscal\u00eda de Control Regional, que logr\u00f3 la detenci\u00f3n del imputado, quien fue puesto a disposici\u00f3n de las autoridades ministeriales correspondientes.<\/p>\n<p>&nbsp;<\/p>\n<p>Gracias a los resultados del trabajo multidisciplinario que la FGEO aport\u00f3, el Tribunal de Enjuiciamiento tuvo los elementos jur\u00eddicos para dictar sentencia condenatoria de 14 a\u00f1os de prisi\u00f3n en contra de Eduardo G.R., adem\u00e1s que estableci\u00f3 el pago de una multa y el pago por concepto de la reparaci\u00f3n del da\u00f1o.<\/p>\n<p>&nbsp;<\/p>\n<p><img fetchpriority=\"high\" decoding=\"async\" class=\" wp-image-9526 aligncenter\" src=\"https:\/\/portal.fgeo.gob.mx\/wp-content\/uploads\/2025\/07\/IMAGEN-BOLET%C3%8DN-1599-234x300.png\" alt=\"\" width=\"308\" height=\"395\" \/><\/p>\n<p>&nbsp;<\/p>\n<p>La Fiscal\u00eda General del Estado de Oaxaca tiene entre sus ejes rectores garantizar una vida libre de violencia para ni\u00f1as, ni\u00f1os y adolescentes, a trav\u00e9s de los mecanismos de procuraci\u00f3n de justicia que est\u00e1n a cargo de \u00e1reas especializadas y bien capacitadas para este tipo de labores.<\/p>\n","protected":false},"author":2,"featured_media":9436,"comment_status":"closed","ping_status":"closed","template":"","tags":[],"categoria_noticias":[],"class_list":["post-16886","noticias","type-noticias","status-publish","has-post-thumbnail","hentry"],"acf":[],"mb":[],"mfb_rest_fields":["title","gutenberg_elementor_mode"],"_links":{"self":[{"href":"https:\/\/portal.fgeo.gob.mx\/index.php\/wp-json\/wp\/v2\/noticias\/16886","targetHints":{"allow":["GET"]}}],"collection":[{"href":"https:\/\/portal.fgeo.gob.mx\/index.php\/wp-json\/wp\/v2\/noticias"}],"about":[{"href":"https:\/\/portal.fgeo.gob.mx\/index.php\/wp-json\/wp\/v2\/types\/noticias"}],"author":[{"embeddable":true,"href":"https:\/\/portal.fgeo.gob.mx\/index.php\/wp-json\/wp\/v2\/users\/2"}],"replies":[{"embeddable":true,"href":"https:\/\/portal.fgeo.gob.mx\/index.php\/wp-json\/wp\/v2\/comments?post=16886"}],"wp:featuredmedia":[{"embeddable":true,"href":"https:\/\/portal.fgeo.gob.mx\/index.php\/wp-json\/"}],"wp:attachment":[{"href":"https:\/\/portal.fgeo.gob.mx\/index.php\/wp-json\/wp\/v2\/media?parent=16886"}],"wp:term":[{"taxonomy":"post_tag","embeddable":true,"href":"https:\/\/portal.fgeo.gob.mx\/index.php\/wp-json\/wp\/v2\/tags?post=16886"},{"taxonomy":"categoria_noticias","embeddable":true,"href":"https:\/\/portal.fgeo.gob.mx\/index.php\/wp-json\/wp\/v2\/categoria_noticias?post=16886"}],"curies":[{"name":"wp","href":"https:\/\/api.w.org\/{rel}","templated":true}]}}