{"id":16884,"date":"2025-07-14T12:36:00","date_gmt":"2025-07-14T18:36:00","guid":{"rendered":"https:\/\/fge.oaxaca.gob.mx\/?post_type=noticias&amp;p=9520"},"modified":"2025-07-14T12:36:00","modified_gmt":"2025-07-14T18:36:00","slug":"boletin-1596-fiscalia-de-oaxaca-juntocon-fuerzas-federales-y-estatales-aprehenden-a-el-cubi-por-homicidio-de-dos-personas-delito-cometido-en-istmo-de-tehuantepec","status":"publish","type":"noticias","link":"https:\/\/portal.fgeo.gob.mx\/index.php\/archivos\/noticias\/boletin-1596-fiscalia-de-oaxaca-juntocon-fuerzas-federales-y-estatales-aprehenden-a-el-cubi-por-homicidio-de-dos-personas-delito-cometido-en-istmo-de-tehuantepec","title":{"rendered":"BOLET\u00cdN 1,596.- Fiscal\u00eda de Oaxaca, juntocon Fuerzas Federales y Estatales, aprehenden a &#8220;El Cubi&#8221; por homicidio de dos personas, delito cometido en Istmo de Tehuantepec"},"content":{"rendered":"<p><strong>Oaxaca de Ju\u00e1rez, Oax. 14 de julio de 2025.-<\/strong> La Fiscal\u00eda General del Estado de Oaxaca (FGEO) ejecut\u00f3 una orden de aprehensi\u00f3n que permiti\u00f3 la detenci\u00f3n de una persona del sexo masculino identificado como A.R.Z., alias &#8220;El Cubi&#8221;, por el delito de homicidio calificado con ventaja de dos personas y tentativa de homicidio en contra de otra v\u00edctima, ocurridos en la regi\u00f3n del Istmo de Tehuantepec.<\/p>\n<p>La detenci\u00f3n de A.R.Z. se logr\u00f3 gracias a un operativo encabezado por elementos de la Agencia Estatal de Investigaciones (AEI) con apoyo de la Secretar\u00eda de la Defensa Nacional (DEFENSA) Secretar\u00eda de Marina (SEMAR), Guardia Nacional (GN) y Polic\u00eda Estatal, que realizaron el despliegue en el municipio de Jalapa del Marqu\u00e9s<\/p>\n<p>El expediente de la investigaci\u00f3n detalla que los hechos ocurrieron el 10 de marzo de 2021, tres personas identificadas como J.L.M., R.C.V. y P.M.R., fueron atacadas a balazos cuando circulaban a bordo de un veh\u00edculo de motor por la carretera Crist\u00f3bal Col\u00f3n, a la altura de la poblaci\u00f3n de Maril\u00fa perteneciente a Santa Mar\u00eda Tequisistl\u00e1n, lugar donde fueron perseguidas e interceptadas por un grupo de hombres que viajaban en un veh\u00edculo compacto quienes realizaron disparos de arma de fuego en su contra.<\/p>\n<p>Durante el ataque armado J.L.M. y R.C.V. perdieron la vida, mientras que, P.M.R. result\u00f3 con diversas lesiones.<\/p>\n<p>Derivado de estos hechos, la FGEO -a trav\u00e9s de la Vicefiscal\u00eda Regional del Istmo- inici\u00f3 los trabajos ministeriales de investigaci\u00f3n que permitieron obtener una orden de aprehensi\u00f3n en contra de A.R.Z., por el delito de homicidio calificado con ventaja de dos persona y tentativa de homicidio en agravio de otra v\u00edctima.<\/p>\n<p>La Fiscal\u00eda General de Oaxaca est\u00e1 comprometida con la realizaci\u00f3n de investigaciones que permitan garantizar a las v\u00edctimas directas e indirectas adecuados procesos de procuraci\u00f3n de justicia.<\/p>\n<figure id=\"attachment_9521\" aria-describedby=\"caption-attachment-9521\" style=\"width: 300px\" class=\"wp-caption alignnone\"><img decoding=\"async\" class=\"size-medium wp-image-9521\" src=\"https:\/\/portal.fgeo.gob.mx\/wp-content\/uploads\/2025\/07\/Dise%C3%B1o-sin-t%C3%ADtulo-12-300x77.jpg\" alt=\"\" width=\"300\" height=\"77\" \/><figcaption id=\"caption-attachment-9521\" class=\"wp-caption-text\">Dise\u00f1o sin t\u00edtulo &#8211; 1<\/figcaption><\/figure>\n","protected":false},"author":2,"featured_media":9436,"comment_status":"closed","ping_status":"closed","template":"","tags":[],"categoria_noticias":[],"class_list":["post-16884","noticias","type-noticias","status-publish","has-post-thumbnail","hentry"],"acf":[],"mb":[],"mfb_rest_fields":["title","gutenberg_elementor_mode"],"_links":{"self":[{"href":"https:\/\/portal.fgeo.gob.mx\/index.php\/wp-json\/wp\/v2\/noticias\/16884","targetHints":{"allow":["GET"]}}],"collection":[{"href":"https:\/\/portal.fgeo.gob.mx\/index.php\/wp-json\/wp\/v2\/noticias"}],"about":[{"href":"https:\/\/portal.fgeo.gob.mx\/index.php\/wp-json\/wp\/v2\/types\/noticias"}],"author":[{"embeddable":true,"href":"https:\/\/portal.fgeo.gob.mx\/index.php\/wp-json\/wp\/v2\/users\/2"}],"replies":[{"embeddable":true,"href":"https:\/\/portal.fgeo.gob.mx\/index.php\/wp-json\/wp\/v2\/comments?post=16884"}],"wp:featuredmedia":[{"embeddable":true,"href":"https:\/\/portal.fgeo.gob.mx\/index.php\/wp-json\/"}],"wp:attachment":[{"href":"https:\/\/portal.fgeo.gob.mx\/index.php\/wp-json\/wp\/v2\/media?parent=16884"}],"wp:term":[{"taxonomy":"post_tag","embeddable":true,"href":"https:\/\/portal.fgeo.gob.mx\/index.php\/wp-json\/wp\/v2\/tags?post=16884"},{"taxonomy":"categoria_noticias","embeddable":true,"href":"https:\/\/portal.fgeo.gob.mx\/index.php\/wp-json\/wp\/v2\/categoria_noticias?post=16884"}],"curies":[{"name":"wp","href":"https:\/\/api.w.org\/{rel}","templated":true}]}}