{"id":16882,"date":"2025-07-11T16:07:13","date_gmt":"2025-07-11T22:07:13","guid":{"rendered":"https:\/\/fge.oaxaca.gob.mx\/?post_type=noticias&amp;p=9512"},"modified":"2025-07-11T16:07:13","modified_gmt":"2025-07-11T22:07:13","slug":"boletin-1594-logra-fiscalia-de-oaxaca-vinculacion-a-proceso-y-prision-contra-imputado-por-doble-homicidio-cometido-la-costa","status":"publish","type":"noticias","link":"https:\/\/portal.fgeo.gob.mx\/index.php\/archivos\/noticias\/boletin-1594-logra-fiscalia-de-oaxaca-vinculacion-a-proceso-y-prision-contra-imputado-por-doble-homicidio-cometido-la-costa","title":{"rendered":"BOLET\u00cdN 1,594.- Logra Fiscal\u00eda de Oaxaca vinculaci\u00f3n a proceso y prisi\u00f3n contra imputado por doble homicidio cometido la Costa"},"content":{"rendered":"<p style=\"font-weight: 400\">\n<p style=\"font-weight: 400\"><strong>Oaxaca de Ju\u00e1rez, Oax. 11 de julio de 2025.-<\/strong>\u00a0Derivado del trabajo ministerial que realiza la Fiscal\u00eda General del Estado de Oaxaca (FGEO) se obtuvo auto de vinculaci\u00f3n a proceso en contra de una persona del sexo masculino identificado como N.S.H., por el delito de Homicidio Calificado con Ventaja, en agravio de una mujer identificada como F.M.M., y una menor de edad- cuya identidad est\u00e1 reservada por ley-, cometido en la regi\u00f3n de la Costa.<\/p>\n<p style=\"font-weight: 400\">\n<p style=\"font-weight: 400\">De acuerdo con el expediente penal del caso, los hechos ocurrieron el 07 de marzo de 2018, cuando las v\u00edctimas se encontraban al interior de un domicilio ubicado en la poblaci\u00f3n de Barrio Nuevo de Santo Domingo de Morelos en San Pedro Pochutla, lugar donde lleg\u00f3 el imputado y las agredi\u00f3 con disparos de arma de fuego infligiendo lesiones de gravedad.<\/p>\n<p style=\"font-weight: 400\">\n<p><img fetchpriority=\"high\" decoding=\"async\" class=\"size-medium wp-image-9513\" src=\"https:\/\/portal.fgeo.gob.mx\/wp-content\/uploads\/2025\/07\/Dise%C3%B1o-sin-t%C3%ADtulo-10-300x211.jpg\" alt=\"\" width=\"300\" height=\"211\" \/><\/p>\n<p style=\"font-weight: 400\">La investigaci\u00f3n revela que, tras estos hechos, las v\u00edctimas fueron trasladadas de inmediato a un hospital de la ciudad de San Pedro Pochutla, lugar donde perdieron la vida al d\u00eda siguiente, cuando recib\u00edan atenci\u00f3n m\u00e9dica.<\/p>\n<p style=\"font-weight: 400\">\n<p style=\"font-weight: 400\">Tras tener conocimiento de los hechos, la FGEO inici\u00f3 las investigaciones del caso con perspectiva de g\u00e9nero e infancia a trav\u00e9s de la Vicefiscal\u00eda Regional de la Costa, logrando obtener una orden de aprehensi\u00f3n y posteriormente realizar la detenci\u00f3n de N.S.H., la cual fue ejecutada por elementos de la Agencia Estatal de Investigaciones (AEI) quienes lo pusieron a disposici\u00f3n de las autoridades para su proceso legal.<\/p>\n<p style=\"font-weight: 400\">\n<p style=\"font-weight: 400\">En audiencia, luego de evaluar las pruebas presentadas por la FGEO, el Juez de la causa determin\u00f3 vincular a proceso al imputado por el delito de homicidio calificado con ventaja, adem\u00e1s de imponer la medida cautelar respectiva y otorgar el plazo de un mes para el cierre de la investigaci\u00f3n complementaria.<\/p>\n<p style=\"font-weight: 400\">\n<p style=\"font-weight: 400\">La Fiscal\u00eda General garantiza investigaciones exhaustivas para esclarecer delitos, aplicando todo el rigor de la Ley a quien o quienes resulten responsables.<\/p>\n<p style=\"font-weight: 400\"><img decoding=\"async\" class=\"alignnone size-medium wp-image-9436\" src=\"https:\/\/portal.fgeo.gob.mx\/wp-content\/uploads\/2025\/07\/FGO-INFORMA-300x150.jpeg\" alt=\"\" width=\"300\" height=\"150\" \/><\/p>\n","protected":false},"author":2,"featured_media":9436,"comment_status":"closed","ping_status":"closed","template":"","tags":[],"categoria_noticias":[],"class_list":["post-16882","noticias","type-noticias","status-publish","has-post-thumbnail","hentry"],"acf":[],"mb":[],"mfb_rest_fields":["title","gutenberg_elementor_mode"],"_links":{"self":[{"href":"https:\/\/portal.fgeo.gob.mx\/index.php\/wp-json\/wp\/v2\/noticias\/16882","targetHints":{"allow":["GET"]}}],"collection":[{"href":"https:\/\/portal.fgeo.gob.mx\/index.php\/wp-json\/wp\/v2\/noticias"}],"about":[{"href":"https:\/\/portal.fgeo.gob.mx\/index.php\/wp-json\/wp\/v2\/types\/noticias"}],"author":[{"embeddable":true,"href":"https:\/\/portal.fgeo.gob.mx\/index.php\/wp-json\/wp\/v2\/users\/2"}],"replies":[{"embeddable":true,"href":"https:\/\/portal.fgeo.gob.mx\/index.php\/wp-json\/wp\/v2\/comments?post=16882"}],"wp:featuredmedia":[{"embeddable":true,"href":"https:\/\/portal.fgeo.gob.mx\/index.php\/wp-json\/"}],"wp:attachment":[{"href":"https:\/\/portal.fgeo.gob.mx\/index.php\/wp-json\/wp\/v2\/media?parent=16882"}],"wp:term":[{"taxonomy":"post_tag","embeddable":true,"href":"https:\/\/portal.fgeo.gob.mx\/index.php\/wp-json\/wp\/v2\/tags?post=16882"},{"taxonomy":"categoria_noticias","embeddable":true,"href":"https:\/\/portal.fgeo.gob.mx\/index.php\/wp-json\/wp\/v2\/categoria_noticias?post=16882"}],"curies":[{"name":"wp","href":"https:\/\/api.w.org\/{rel}","templated":true}]}}