{"id":16881,"date":"2025-07-11T12:22:10","date_gmt":"2025-07-11T18:22:10","guid":{"rendered":"https:\/\/fge.oaxaca.gob.mx\/?post_type=noticias&amp;p=9509"},"modified":"2025-07-11T12:22:10","modified_gmt":"2025-07-11T18:22:10","slug":"boletin-1593-fiscalia-de-oaxaca-obtiene-vinculacion-a-proceso-contra-dos-personas-mas-por-alteracion-de-indicios-y-evidencias-por-hechos-ocurridos-en-el-colegio-francoise-dolto","status":"publish","type":"noticias","link":"https:\/\/portal.fgeo.gob.mx\/index.php\/archivos\/noticias\/boletin-1593-fiscalia-de-oaxaca-obtiene-vinculacion-a-proceso-contra-dos-personas-mas-por-alteracion-de-indicios-y-evidencias-por-hechos-ocurridos-en-el-colegio-francoise-dolto","title":{"rendered":"BOLET\u00cdN 1,593.- Fiscal\u00eda de Oaxaca obtiene vinculaci\u00f3n a proceso contra dos personas m\u00e1s por Alteraci\u00f3n de Indicios y Evidencias, por hechos ocurridos en el colegio \u201cFrancoise Dolto\u201d; suman cuatro procesados"},"content":{"rendered":"<p style=\"font-weight: 400\">\n<p style=\"font-weight: 400\">*\u00a0<em>Habr\u00edan sustra\u00eddo equipos electr\u00f3nicos que conten\u00edan grabaciones de video correspondientes a los hechos<\/em><\/p>\n<p style=\"font-weight: 400\">Oaxaca de Ju\u00e1rez, Oax. 11 de julio de 2025.- Como resultado de las investigaciones enfocadas en garantizar los derechos a una vida libre de violencia para las ni\u00f1as, ni\u00f1os, adolescentes y mujeres, la Fiscal\u00eda General del Estado de Oaxaca (FGEO) obtuvo vinculaci\u00f3n a proceso en contra de dos personas del sexo masculino identificados como J.G.F.G. y J.M.G.S., por el delito que se establece como Alteraci\u00f3n de Indicios y Evidencias, por hechos en los que ni\u00f1as y ni\u00f1os del colegio \u201cFrancoise Dolto\u201d sufrieron lesiones por quemadura durante una actividad recreativa, acciones con las que suman cuatro personas vinculadas a proceso por este caso.<\/p>\n<p style=\"font-weight: 400\">De acuerdo con el expediente penal, los hechos ocurrieron el 29 de abril de 2025, cuando las v\u00edctimas -alumnas y alumnos del colegio \u201cFrancoise Dolto\u201d- acudieron a la escuela localizada en el Centro de la ciudad de Oaxaca, para participar en un campamento como parte de los festejos por el D\u00eda del Ni\u00f1o.<\/p>\n<p style=\"font-weight: 400\">\u00a0Sin embargo, cuando se encontraban alrededor de una fogata, una persona adulta lanz\u00f3 alcohol et\u00edlico que aviv\u00f3 el fuego, el cual alcanz\u00f3 a varios menores de edad, quienes resultaron con lesiones de gravedad por las quemaduras.<\/p>\n<p style=\"font-weight: 400\">\u00a0Tras tener conocimiento de estos hechos, la FGEO -a trav\u00e9s de la Vicefiscal\u00eda Regional de Valles Centrales- realiz\u00f3 las investigaciones correspondientes, las cuales permitieron presentar ante el Juez de la Causa a J.G.F.G. y J.M.G.S., por el delito de Alteraci\u00f3n de indicios y evidencias en lugar de los hechos, pues derivado de las indagatorias se estableci\u00f3 que habr\u00edan sustra\u00eddo documentaci\u00f3n y equipos electr\u00f3nicos (computadora port\u00e1til y disco duro), que conten\u00edan grabaciones de video correspondientes a los hechos, antes que las autoridades llevaran a cabo las diligencias correspondientes.<\/p>\n<p style=\"font-weight: 400\">\u00a0En audiencia y tras validar los datos de prueba proporcionados por la FGEO, el Juez en turno determin\u00f3 vincular a proceso a J.G.F.G. y J.M.G.S., otorgando el plazo de cuatro meses para el cierre de investigaci\u00f3n complementaria.<\/p>\n<p style=\"font-weight: 400\">\u00a0Cabe destacar que, con esta esta acci\u00f3n, suman ya cuatro personas vinculadas a proceso por este caso en el que ni\u00f1as y ni\u00f1os del colegio \u201cFrancoise Dolto\u201d sufrieron lesiones por quemadura durante una actividad recreativa, se trata de dos mujeres identificadas como G.S.M. y S.I.S.<\/p>\n<p style=\"font-weight: 400\">\u00a0La Fiscal\u00eda General del Estado de Oaxaca prioriza las investigaciones de delitos cometidos en contra de ni\u00f1as, ni\u00f1os y adolescentes, pues busca un adecuado acceso a la procuraci\u00f3n de justicia que lleve la perspectiva de infancia y adolescencia pues, este mecanismo es la v\u00eda para garantizar la m\u00e1xima protecci\u00f3n y atender adecuadamente el inter\u00e9s superior de la ni\u00f1ez.<\/p>\n<p style=\"font-weight: 400\"><img fetchpriority=\"high\" decoding=\"async\" class=\"alignnone size-medium wp-image-9510\" src=\"https:\/\/portal.fgeo.gob.mx\/wp-content\/uploads\/2025\/07\/WhatsApp-Image-2025-07-11-at-11.53.12-AM-1-211x300.jpeg\" alt=\"\" width=\"211\" height=\"300\" \/> <img decoding=\"async\" class=\"alignnone size-medium wp-image-9511\" src=\"https:\/\/portal.fgeo.gob.mx\/wp-content\/uploads\/2025\/07\/WhatsApp-Image-2025-07-11-at-11.53.12-AM-225x300.jpeg\" alt=\"\" width=\"225\" height=\"300\" \/><\/p>\n","protected":false},"author":2,"featured_media":9436,"comment_status":"closed","ping_status":"closed","template":"","tags":[],"categoria_noticias":[],"class_list":["post-16881","noticias","type-noticias","status-publish","has-post-thumbnail","hentry"],"acf":[],"mb":[],"mfb_rest_fields":["title","gutenberg_elementor_mode"],"_links":{"self":[{"href":"https:\/\/portal.fgeo.gob.mx\/index.php\/wp-json\/wp\/v2\/noticias\/16881","targetHints":{"allow":["GET"]}}],"collection":[{"href":"https:\/\/portal.fgeo.gob.mx\/index.php\/wp-json\/wp\/v2\/noticias"}],"about":[{"href":"https:\/\/portal.fgeo.gob.mx\/index.php\/wp-json\/wp\/v2\/types\/noticias"}],"author":[{"embeddable":true,"href":"https:\/\/portal.fgeo.gob.mx\/index.php\/wp-json\/wp\/v2\/users\/2"}],"replies":[{"embeddable":true,"href":"https:\/\/portal.fgeo.gob.mx\/index.php\/wp-json\/wp\/v2\/comments?post=16881"}],"wp:featuredmedia":[{"embeddable":true,"href":"https:\/\/portal.fgeo.gob.mx\/index.php\/wp-json\/"}],"wp:attachment":[{"href":"https:\/\/portal.fgeo.gob.mx\/index.php\/wp-json\/wp\/v2\/media?parent=16881"}],"wp:term":[{"taxonomy":"post_tag","embeddable":true,"href":"https:\/\/portal.fgeo.gob.mx\/index.php\/wp-json\/wp\/v2\/tags?post=16881"},{"taxonomy":"categoria_noticias","embeddable":true,"href":"https:\/\/portal.fgeo.gob.mx\/index.php\/wp-json\/wp\/v2\/categoria_noticias?post=16881"}],"curies":[{"name":"wp","href":"https:\/\/api.w.org\/{rel}","templated":true}]}}