{"id":16873,"date":"2025-07-07T13:03:53","date_gmt":"2025-07-07T19:03:53","guid":{"rendered":"https:\/\/fge.oaxaca.gob.mx\/?post_type=noticias&amp;p=9476"},"modified":"2025-07-07T13:03:53","modified_gmt":"2025-07-07T19:03:53","slug":"boletin-1582-fiscalia-de-oaxaca-y-mando-metropolitano-detienen-a-tercer-implicado-en-homicidio-cometido-en-la-central-de-abasto","status":"publish","type":"noticias","link":"https:\/\/portal.fgeo.gob.mx\/index.php\/archivos\/noticias\/boletin-1582-fiscalia-de-oaxaca-y-mando-metropolitano-detienen-a-tercer-implicado-en-homicidio-cometido-en-la-central-de-abasto","title":{"rendered":"BOLET\u00cdN 1,582.- Fiscal\u00eda de Oaxaca y Mando Metropolitano detienen a tercer implicado en homicidio, cometido en la Central de Abasto"},"content":{"rendered":"<p><strong>Oaxaca de Ju\u00e1rez, Oax. 07 de julio de 2025.-<\/strong> Derivado de los trabajos de inteligencia criminal e investigaci\u00f3n, la Fiscal\u00eda General del Estado de Oaxaca (FGEO) y el Mando de Coordinaci\u00f3n y Seguridad Metropolitana, se logr\u00f3 la detenci\u00f3n de una persona del sexo masculino identificada como E.R.G.G., alias \u201cEl Catracho\u201d, vinculado en el homicidio cometido en inmediaciones de la Central de Abasto en la ciudad de Oaxaca de Ju\u00e1rez.<\/p>\n<p><img fetchpriority=\"high\" decoding=\"async\" class=\"alignnone size-medium wp-image-9477\" src=\"https:\/\/portal.fgeo.gob.mx\/wp-content\/uploads\/2025\/07\/WhatsApp-Image-2025-07-07-at-1.00.41-PM-232x300.jpeg\" alt=\"\" width=\"232\" height=\"300\" \/><\/p>\n<p>Con esta acci\u00f3n, suman ya tres personas aprehendidas por este caso se trata de J.F.R.C., alias \u201cEl Chucky\u201d, probable autor material de este homicidio cometido con arma de fuego, as\u00ed como L.A.P.T., alias \u201cEl Barbas\u201d.<\/p>\n<p>De acuerdo con el expediente penal, los hechos ocurrieron la ma\u00f1ana del viernes 4 de julio de 2025, en la zona modular poniente, en el M\u00f3dulo \u201cL\u201d de la Central de Abasto, en la ciudad de Oaxaca de Ju\u00e1rez, a donde lleg\u00f3 un grupo de personas para discutir con la v\u00edctima, identificada como F.S.G., alias \u201cLa Rubia\u201d.<\/p>\n<p>Derivado de la discusi\u00f3n, uno de los agresores empu\u00f1\u00f3 un arma de fuego y realiz\u00f3 disparos en contra de la v\u00edctima, quien result\u00f3 con lesiones a consecuencia de las cuales perdi\u00f3 la vida.<\/p>\n<p>Con el seguimiento a trav\u00e9s de las c\u00e1maras de C4, de manera preliminar, se logr\u00f3 identificar la participaci\u00f3n de tres personas del sexo masculino que habr\u00edan tenido diferentes grados de responsabilidad en la comisi\u00f3n de este delito, quienes huyeron del lugar de los hechos, tras cometer el delito.<\/p>\n<p>Debido a esto la FGEO inici\u00f3 las indagatorias, adem\u00e1s de realizar labores de inteligencia criminal en las que participaron personal de la Fiscal\u00eda Especializada para la Atenci\u00f3n a Delitos de Alto Impacto y la Agencia Estatal de Investigaciones, logrando la detenci\u00f3n de E.R.G.G., alias \u201cEl Catracho\u201d, quien fue presentado ante la autoridad correspondiente por el delito de homicidio calificado, para que se determine su situaci\u00f3n jur\u00eddica.<\/p>\n<p>La Fiscal\u00eda General garantiza investigaciones exhaustivas para esclarecer delitos, aplicando todo el rigor de la Ley a quien o quienes resulten responsables.<\/p>\n<p><img decoding=\"async\" class=\"alignnone size-medium wp-image-9478\" src=\"https:\/\/portal.fgeo.gob.mx\/wp-content\/uploads\/2025\/07\/WhatsApp-Image-2025-07-07-at-1.00.41-PM-1-232x300.jpeg\" alt=\"\" width=\"232\" height=\"300\" \/> <img decoding=\"async\" class=\"alignnone size-medium wp-image-9479\" src=\"https:\/\/portal.fgeo.gob.mx\/wp-content\/uploads\/2025\/07\/WhatsApp-Image-2025-07-07-at-1.00.40-PM-232x300.jpeg\" alt=\"\" width=\"232\" height=\"300\" \/><\/p>\n","protected":false},"author":2,"featured_media":9436,"comment_status":"closed","ping_status":"closed","template":"","tags":[],"categoria_noticias":[],"class_list":["post-16873","noticias","type-noticias","status-publish","has-post-thumbnail","hentry"],"acf":[],"mb":[],"mfb_rest_fields":["title","gutenberg_elementor_mode"],"_links":{"self":[{"href":"https:\/\/portal.fgeo.gob.mx\/index.php\/wp-json\/wp\/v2\/noticias\/16873","targetHints":{"allow":["GET"]}}],"collection":[{"href":"https:\/\/portal.fgeo.gob.mx\/index.php\/wp-json\/wp\/v2\/noticias"}],"about":[{"href":"https:\/\/portal.fgeo.gob.mx\/index.php\/wp-json\/wp\/v2\/types\/noticias"}],"author":[{"embeddable":true,"href":"https:\/\/portal.fgeo.gob.mx\/index.php\/wp-json\/wp\/v2\/users\/2"}],"replies":[{"embeddable":true,"href":"https:\/\/portal.fgeo.gob.mx\/index.php\/wp-json\/wp\/v2\/comments?post=16873"}],"wp:featuredmedia":[{"embeddable":true,"href":"https:\/\/portal.fgeo.gob.mx\/index.php\/wp-json\/"}],"wp:attachment":[{"href":"https:\/\/portal.fgeo.gob.mx\/index.php\/wp-json\/wp\/v2\/media?parent=16873"}],"wp:term":[{"taxonomy":"post_tag","embeddable":true,"href":"https:\/\/portal.fgeo.gob.mx\/index.php\/wp-json\/wp\/v2\/tags?post=16873"},{"taxonomy":"categoria_noticias","embeddable":true,"href":"https:\/\/portal.fgeo.gob.mx\/index.php\/wp-json\/wp\/v2\/categoria_noticias?post=16873"}],"curies":[{"name":"wp","href":"https:\/\/api.w.org\/{rel}","templated":true}]}}