{"id":16867,"date":"2025-07-04T11:06:13","date_gmt":"2025-07-04T17:06:13","guid":{"rendered":"https:\/\/fge.oaxaca.gob.mx\/?post_type=noticias&amp;p=9451"},"modified":"2025-07-04T11:06:13","modified_gmt":"2025-07-04T17:06:13","slug":"boletin-1576-fgeo-obtiene-sentencia-condenatoria-de-150-anos-de-prision-contra-responsables-de-secuestro-cometido-en-la-ciudad-de-oaxaca-de-juarez","status":"publish","type":"noticias","link":"https:\/\/portal.fgeo.gob.mx\/index.php\/archivos\/noticias\/boletin-1576-fgeo-obtiene-sentencia-condenatoria-de-150-anos-de-prision-contra-responsables-de-secuestro-cometido-en-la-ciudad-de-oaxaca-de-juarez","title":{"rendered":"BOLET\u00cdN 1,576.- FGEO obtiene sentencia condenatoria de 150 a\u00f1os de prisi\u00f3n contra responsables de secuestro cometido en la ciudad de Oaxaca de Ju\u00e1rez"},"content":{"rendered":"<p><strong>Oaxaca de Ju\u00e1rez, Oax. 04 de julio de 2025.-<\/strong> Derivado del trabajo de investigaci\u00f3n ministerial que realiza la Fiscal\u00eda General del Estado de Oaxaca (FGEO) se obtuvieron tres sentencias condenatorias que suman un total de 150 a\u00f1os de prisi\u00f3n en contra de tres personas del sexo masculino identificadas como Jorge Z.D., Armando Y.P.C. y Juan C.A.G., por su responsabilidad en el delito de secuestro, en hechos cometidos en la regi\u00f3n de los Valles Centrales.<\/p>\n<p>De acuerdo con la causa penal, los hechos ocurrieron el 21 de marzo de 2020, cuando un grupo de personas priv\u00f3 de la libertad a la v\u00edctima identificada como J.M.V.R., cuando se encontraba al interior de su veh\u00edculo estacionado en inmediaciones de la colonia Villas de Antequera, en la ciudad de Oaxaca de Ju\u00e1rez.<\/p>\n<p>La investigaci\u00f3n revela que la v\u00edctima fue trasladada a bordo de su propio veh\u00edculo a un domicilio ubicado en el Fraccionamiento Rancho Valle de Lago, en el municipio de Tlacolula de Matamoros, en donde permaneci\u00f3 en cautiverio por cuatro d\u00edas, lapso en el que los plagiarios contactaron a su familia para pedir dinero a cambio de su liberaci\u00f3n, quien finalmente qued\u00f3 libre la madrugada del 25 de marzo de 2020.<\/p>\n<p>Ante los hechos, la Fiscal\u00eda General del Estado de Oaxaca -a trav\u00e9s de la Fiscal\u00eda Especializada en Delitos de Alto Impacto y la Unidad Especializada en Combate al Secuestro (UECS)- realizaron las investigaciones del caso, que permitieron la detenci\u00f3n legal de Jorge Z.D., Armando Y.P.C. y Juan C.A.G., mismos que fueron presentados ante el juzgado correspondiente.<\/p>\n<p>Tras el desahogo de pruebas aportadas por la FGEO, el Tribunal de Enjuiciamiento tuvo los elementos suficientes para dictar sentencia condenatoria de 50 a\u00f1os de prisi\u00f3n en contra de cada uno de los responsables, identificados como Jorge Z.D., Armando Y.P.C. y Juan C.A.G., por la comisi\u00f3n del delito de secuestro, adem\u00e1s de imponer el pago de una multa y el pago por concepto de la reparaci\u00f3n del da\u00f1o.<\/p>\n<p>Con este resultado, la Fiscal\u00eda General del Estado de Oaxaca reafirma su compromiso con la procuraci\u00f3n de justicia y el fortalecimiento de las investigaciones para llevar ante la ley a quien o quienes cometen delitos.<\/p>\n<p><img fetchpriority=\"high\" decoding=\"async\" class=\"alignnone size-medium wp-image-9452\" src=\"https:\/\/portal.fgeo.gob.mx\/wp-content\/uploads\/2025\/07\/WhatsApp-Image-2025-07-02-at-3.46.19-PM-2-240x300.jpeg\" alt=\"\" width=\"240\" height=\"300\" \/> <img decoding=\"async\" class=\"alignnone size-medium wp-image-9453\" src=\"https:\/\/portal.fgeo.gob.mx\/wp-content\/uploads\/2025\/07\/WhatsApp-Image-2025-07-02-at-3.46.19-PM-1-240x300.jpeg\" alt=\"\" width=\"240\" height=\"300\" \/> <img decoding=\"async\" class=\"alignnone size-medium wp-image-9454\" src=\"https:\/\/portal.fgeo.gob.mx\/wp-content\/uploads\/2025\/07\/WhatsApp-Image-2025-07-02-at-3.46.19-PM-240x300.jpeg\" alt=\"\" width=\"240\" height=\"300\" \/><\/p>\n","protected":false},"author":2,"featured_media":9436,"comment_status":"closed","ping_status":"closed","template":"","tags":[],"categoria_noticias":[],"class_list":["post-16867","noticias","type-noticias","status-publish","has-post-thumbnail","hentry"],"acf":[],"mb":[],"mfb_rest_fields":["title","gutenberg_elementor_mode"],"_links":{"self":[{"href":"https:\/\/portal.fgeo.gob.mx\/index.php\/wp-json\/wp\/v2\/noticias\/16867","targetHints":{"allow":["GET"]}}],"collection":[{"href":"https:\/\/portal.fgeo.gob.mx\/index.php\/wp-json\/wp\/v2\/noticias"}],"about":[{"href":"https:\/\/portal.fgeo.gob.mx\/index.php\/wp-json\/wp\/v2\/types\/noticias"}],"author":[{"embeddable":true,"href":"https:\/\/portal.fgeo.gob.mx\/index.php\/wp-json\/wp\/v2\/users\/2"}],"replies":[{"embeddable":true,"href":"https:\/\/portal.fgeo.gob.mx\/index.php\/wp-json\/wp\/v2\/comments?post=16867"}],"wp:featuredmedia":[{"embeddable":true,"href":"https:\/\/portal.fgeo.gob.mx\/index.php\/wp-json\/"}],"wp:attachment":[{"href":"https:\/\/portal.fgeo.gob.mx\/index.php\/wp-json\/wp\/v2\/media?parent=16867"}],"wp:term":[{"taxonomy":"post_tag","embeddable":true,"href":"https:\/\/portal.fgeo.gob.mx\/index.php\/wp-json\/wp\/v2\/tags?post=16867"},{"taxonomy":"categoria_noticias","embeddable":true,"href":"https:\/\/portal.fgeo.gob.mx\/index.php\/wp-json\/wp\/v2\/categoria_noticias?post=16867"}],"curies":[{"name":"wp","href":"https:\/\/api.w.org\/{rel}","templated":true}]}}