{"id":16866,"date":"2025-07-04T09:50:06","date_gmt":"2025-07-04T15:50:06","guid":{"rendered":"https:\/\/fge.oaxaca.gob.mx\/?post_type=noticias&amp;p=9447"},"modified":"2025-07-04T09:50:06","modified_gmt":"2025-07-04T15:50:06","slug":"boletin-1575-fiscalia-de-oaxaca-y-mando-de-coordinacion-de-seguridad-de-la-zona-metropolitana-realizan-despliegue-inmediato-y-trabajos-de-busqueda-de-responsables-de-homicidio-cometido-en-la-capit","status":"publish","type":"noticias","link":"https:\/\/portal.fgeo.gob.mx\/index.php\/archivos\/noticias\/boletin-1575-fiscalia-de-oaxaca-y-mando-de-coordinacion-de-seguridad-de-la-zona-metropolitana-realizan-despliegue-inmediato-y-trabajos-de-busqueda-de-responsables-de-homicidio-cometido-en-la-capit","title":{"rendered":"BOLET\u00cdN 1,575.- Fiscal\u00eda de Oaxaca y Mando de Coordinaci\u00f3n de Seguridad de la Zona Metropolitana, realizan despliegue inmediato y trabajos de b\u00fasqueda de responsables de homicidio cometido en la capital"},"content":{"rendered":"<p><strong>Oaxaca de Ju\u00e1rez, Oax. 04 de julio de 2025.-<\/strong>\u00a0La Fiscal\u00eda General del Estado de Oaxaca (FGEO), en estrecha colaboraci\u00f3n con el Mando de Coordinaci\u00f3n de Seguridad de la Zona Metropolitana, despliega un operativo de seguimiento para dar con el paradero de tres personas involucradas en la comisi\u00f3n del delito de homicidio con disparo de arma de fuego, ocurrido la ma\u00f1ana de este viernes, en inmediaciones de la Central de Abasto de la ciudad de Oaxaca de Ju\u00e1rez.<\/p>\n<p>&nbsp;<\/p>\n<p>Con el seguimiento a trav\u00e9s de las c\u00e1maras de C4, de manera preliminar, se logr\u00f3 identificar la participaci\u00f3n de tres personas del sexo masculino que habr\u00edan tenido diferentes grados de responsabilidad en la comisi\u00f3n de este delito, quienes huyeron del lugar de los hechos y a quienes se observa que portan un arma de fuego, por lo que ser\u00edan los principales sospechosos de estos hechos.<\/p>\n<p>&nbsp;<\/p>\n<p>La FGEO realiza los primeros trabajos ministeriales en el luchar de los hechos, a trav\u00e9s de la Agencia Estatal de Investigaciones (AEI) y la Fiscal\u00eda Especializada para la Atenci\u00f3n a Delitos de Alto Impacto que recaban indicios para integrarlos a la carpeta de investigaci\u00f3n por el homicidio de una persona del sexo masculino.<\/p>\n<p>&nbsp;<\/p>\n<p>De manera paralela, se realiza un despliegue coordinado entre la AEI, Polic\u00eda Municipal de Oaxaca de Ju\u00e1rez, Polic\u00eda Estatal, Secretar\u00eda de la Defensa Nacional (DEFENSA) y Guardia Nacional, para garantizar la seguridad en la zona, adem\u00e1s de llevar a cabo labores de b\u00fasqueda de los probables responsables con la utilizaci\u00f3n de drones.<\/p>\n<p><img fetchpriority=\"high\" decoding=\"async\" class=\"alignnone size-medium wp-image-9448\" src=\"https:\/\/portal.fgeo.gob.mx\/wp-content\/uploads\/2025\/07\/WhatsApp-Image-2025-07-04-at-9.30.59-AM-1-300x225.jpeg\" alt=\"\" width=\"300\" height=\"225\" \/> <img decoding=\"async\" class=\"alignnone size-medium wp-image-9449\" src=\"https:\/\/portal.fgeo.gob.mx\/wp-content\/uploads\/2025\/07\/WhatsApp-Image-2025-07-04-at-9.30.59-AM-300x225.jpeg\" alt=\"\" width=\"300\" height=\"225\" \/> <img decoding=\"async\" class=\"alignnone size-medium wp-image-9450\" src=\"https:\/\/portal.fgeo.gob.mx\/wp-content\/uploads\/2025\/07\/WhatsApp-Image-2025-07-04-at-9.30.58-AM-300x225.jpeg\" alt=\"\" width=\"300\" height=\"225\" \/><\/p>\n","protected":false},"author":2,"featured_media":9436,"comment_status":"closed","ping_status":"closed","template":"","tags":[],"categoria_noticias":[],"class_list":["post-16866","noticias","type-noticias","status-publish","has-post-thumbnail","hentry"],"acf":[],"mb":[],"mfb_rest_fields":["title","gutenberg_elementor_mode"],"_links":{"self":[{"href":"https:\/\/portal.fgeo.gob.mx\/index.php\/wp-json\/wp\/v2\/noticias\/16866","targetHints":{"allow":["GET"]}}],"collection":[{"href":"https:\/\/portal.fgeo.gob.mx\/index.php\/wp-json\/wp\/v2\/noticias"}],"about":[{"href":"https:\/\/portal.fgeo.gob.mx\/index.php\/wp-json\/wp\/v2\/types\/noticias"}],"author":[{"embeddable":true,"href":"https:\/\/portal.fgeo.gob.mx\/index.php\/wp-json\/wp\/v2\/users\/2"}],"replies":[{"embeddable":true,"href":"https:\/\/portal.fgeo.gob.mx\/index.php\/wp-json\/wp\/v2\/comments?post=16866"}],"wp:featuredmedia":[{"embeddable":true,"href":"https:\/\/portal.fgeo.gob.mx\/index.php\/wp-json\/"}],"wp:attachment":[{"href":"https:\/\/portal.fgeo.gob.mx\/index.php\/wp-json\/wp\/v2\/media?parent=16866"}],"wp:term":[{"taxonomy":"post_tag","embeddable":true,"href":"https:\/\/portal.fgeo.gob.mx\/index.php\/wp-json\/wp\/v2\/tags?post=16866"},{"taxonomy":"categoria_noticias","embeddable":true,"href":"https:\/\/portal.fgeo.gob.mx\/index.php\/wp-json\/wp\/v2\/categoria_noticias?post=16866"}],"curies":[{"name":"wp","href":"https:\/\/api.w.org\/{rel}","templated":true}]}}