{"id":16862,"date":"2025-07-02T16:01:51","date_gmt":"2025-07-02T22:01:51","guid":{"rendered":"https:\/\/fge.oaxaca.gob.mx\/?post_type=noticias&amp;p=9434"},"modified":"2025-07-02T16:01:51","modified_gmt":"2025-07-02T22:01:51","slug":"boletin-1572-fiscalia-de-oaxaca-detiene-a-una-persona-por-robo-con-violencia-de-mas-de-3600-pares-de-zapatos-cometido-en-la-costa","status":"publish","type":"noticias","link":"https:\/\/portal.fgeo.gob.mx\/index.php\/archivos\/noticias\/boletin-1572-fiscalia-de-oaxaca-detiene-a-una-persona-por-robo-con-violencia-de-mas-de-3600-pares-de-zapatos-cometido-en-la-costa","title":{"rendered":"BOLET\u00cdN 1,572.- Fiscal\u00eda de Oaxaca detiene a una persona por robo con violencia de m\u00e1s de 3,600 pares de zapatos, cometido en la Costa"},"content":{"rendered":"<p><strong>Oaxaca de Ju\u00e1rez, Oax. 02 de julio de 2025.-<\/strong> Derivado de los trabajos de inteligencia criminal e investigaci\u00f3n, la Fiscal\u00eda General del Estado de Oaxaca (FGEO) ejecut\u00f3 una orden de aprehensi\u00f3n en contra de una persona del sexo masculino identificado como J.A.G.V., por el delito de Robo Calificado con Violencia Moral a las Personas, en agravio de la v\u00edctima identificada como A.B.H.L.R., en hechos ocurridos en la regi\u00f3n de la Costa.<\/p>\n<p>De acuerdo con lo establecido en el expediente penal, los hechos que se le imputan, derivan de la denuncia realizada por la v\u00edctima, quien refiere que el 18 de septiembre de 2024, personas aparentemente armadas ingresaron a un local comercial ubicado en avenida Oaxaca, jurisdicci\u00f3n de Puerto Escondido, donde la amenazaron para desalojar el inmueble justificando que no ten\u00eda permiso, ante las amenazas, la v\u00edctima decidi\u00f3 retirarse, dejando su mercanc\u00eda en el lugar de donde se llevaron m\u00e1s de tres mil 600 pares de zapatos.<\/p>\n<p>Ante los hechos, la v\u00edctima present\u00f3 la denuncia gracias a la cual intervino la Fiscal\u00eda de Oaxaca, a trav\u00e9s de la Vicefiscal\u00eda Regional de la Costa, que inici\u00f3 las indagatorias, lo que permiti\u00f3 presentar ante el Juez elementos suficientes por los cuales se concedi\u00f3 una orden de aprehensi\u00f3n en contra de J.A.G.V., quien fue detenido por elementos de la Agencia Estatal de Investigaciones (AEI) sobre la calle Segunda Poniente en Puerto Escondido, perteneciente al municipio de San Pedro Mixtepec.<\/p>\n<p>Tras la detenci\u00f3n, J.A.G.V. fue puesto a disposici\u00f3n de la autoridad ministerial correspondiente para resolver su situaci\u00f3n legal.<\/p>\n<p>La implementaci\u00f3n de t\u00e9cnicas de investigaci\u00f3n e inteligencia criminal que realiza la Fiscal\u00eda de Oaxaca, contribuyen a la efectividad en los resultados de los trabajos ministeriales a favor de las v\u00edctimas de delitos.<\/p>\n<p><img fetchpriority=\"high\" decoding=\"async\" class=\"size-medium wp-image-9435\" src=\"https:\/\/portal.fgeo.gob.mx\/wp-content\/uploads\/2025\/07\/Dise%C3%B1o-sin-t%C3%ADtulo-3-300x174.jpg\" alt=\"\" width=\"300\" height=\"174\" \/><\/p>\n","protected":false},"author":2,"featured_media":9436,"comment_status":"closed","ping_status":"closed","template":"","tags":[],"categoria_noticias":[],"class_list":["post-16862","noticias","type-noticias","status-publish","has-post-thumbnail","hentry"],"acf":[],"mb":[],"mfb_rest_fields":["title","gutenberg_elementor_mode"],"_links":{"self":[{"href":"https:\/\/portal.fgeo.gob.mx\/index.php\/wp-json\/wp\/v2\/noticias\/16862","targetHints":{"allow":["GET"]}}],"collection":[{"href":"https:\/\/portal.fgeo.gob.mx\/index.php\/wp-json\/wp\/v2\/noticias"}],"about":[{"href":"https:\/\/portal.fgeo.gob.mx\/index.php\/wp-json\/wp\/v2\/types\/noticias"}],"author":[{"embeddable":true,"href":"https:\/\/portal.fgeo.gob.mx\/index.php\/wp-json\/wp\/v2\/users\/2"}],"replies":[{"embeddable":true,"href":"https:\/\/portal.fgeo.gob.mx\/index.php\/wp-json\/wp\/v2\/comments?post=16862"}],"wp:featuredmedia":[{"embeddable":true,"href":"https:\/\/portal.fgeo.gob.mx\/index.php\/wp-json\/"}],"wp:attachment":[{"href":"https:\/\/portal.fgeo.gob.mx\/index.php\/wp-json\/wp\/v2\/media?parent=16862"}],"wp:term":[{"taxonomy":"post_tag","embeddable":true,"href":"https:\/\/portal.fgeo.gob.mx\/index.php\/wp-json\/wp\/v2\/tags?post=16862"},{"taxonomy":"categoria_noticias","embeddable":true,"href":"https:\/\/portal.fgeo.gob.mx\/index.php\/wp-json\/wp\/v2\/categoria_noticias?post=16862"}],"curies":[{"name":"wp","href":"https:\/\/api.w.org\/{rel}","templated":true}]}}