{"id":16860,"date":"2025-07-01T17:00:28","date_gmt":"2025-07-01T23:00:28","guid":{"rendered":"https:\/\/fge.oaxaca.gob.mx\/?post_type=noticias&amp;p=9427"},"modified":"2025-07-01T17:00:28","modified_gmt":"2025-07-01T23:00:28","slug":"boletin-1570-fiscalia-de-oaxaca-obtiene-prision-y-vinculacion-a-proceso-contra-imputado-por-violacion-de-una-adolescente-cometida-en-la-region-de-la-costa","status":"publish","type":"noticias","link":"https:\/\/portal.fgeo.gob.mx\/index.php\/archivos\/noticias\/boletin-1570-fiscalia-de-oaxaca-obtiene-prision-y-vinculacion-a-proceso-contra-imputado-por-violacion-de-una-adolescente-cometida-en-la-region-de-la-costa","title":{"rendered":"BOLET\u00cdN 1,570.- Fiscal\u00eda de Oaxaca obtiene prisi\u00f3n y vinculaci\u00f3n a proceso contra imputado por violaci\u00f3n de una adolescente, cometida en la regi\u00f3n de la Costa"},"content":{"rendered":"<p><strong>Oaxaca de Ju\u00e1rez, Oax. 01 de julio de 2025.-<\/strong> Como resultado de las investigaciones enfocadas en garantizar los derechos a una vida libre de violencia para las ni\u00f1as, ni\u00f1os, adolescentes y mujeres, la Fiscal\u00eda General del Estado de Oaxaca (FGEO) obtuvo vinculaci\u00f3n a proceso y prisi\u00f3n preventiva en contra de un hombre identificado como J.U.C.C., por el delito de violaci\u00f3n equiparada en agravio de una adolescente, cometida en la regi\u00f3n la Costa.<\/p>\n<p>De acuerdo con la denuncia penal del caso, los hechos ocurrieron el 04 de abril de 2025, cuando la v\u00edctima (una adolescente cuya identidad est\u00e1 reservada por ley) contaba con 14 a\u00f1os de edad y se encontraba en un domicilio ubicado en la calle Las Palmas de Santa Catarina Jamixtepec perteneciente a San Miguel del Puerto, lugar donde lleg\u00f3 el agresor y la intercept\u00f3 para despu\u00e9s llevarla a un terreno bald\u00edo y agredirla.<\/p>\n<p>Luego de que la FGEO tom\u00f3 conocimiento del caso, inici\u00f3 las investigaciones con perspectiva de infancia a trav\u00e9s de la Vicefiscal\u00eda Regional de la Costa, que reuni\u00f3 las pruebas periciales necesarias las cuales permitieron obtener una orden de aprehensi\u00f3n contra J.U.C.C., la cual fue ejecutada por elementos de la Agencia Estatal de Investigaciones (AEI). Tras la detenci\u00f3n, el imputado fue trasladado al Ministerio P\u00fablico.<\/p>\n<p>En audiencia y derivado de la evaluaci\u00f3n de los datos de prueba aportados por la FGEO, el Juez dict\u00f3 auto de vinculaci\u00f3n a proceso en contra de J.U.C.C., por el delito de violaci\u00f3n equiparada e impuso la medida cautelar de prisi\u00f3n preventiva justificada, otorgando el plazo de cuatro meses para el cierre de la investigaci\u00f3n complementaria.<\/p>\n<p>La Fiscal\u00eda General del Estado de Oaxaca prioriza las investigaciones relacionadas con delitos cometidos contra las mujeres, ni\u00f1as y adolescentes, para presentar ante la justicia a los responsables a fin de garantizar el derecho a una vida libre de violencia.<\/p>\n<figure id=\"attachment_9428\" aria-describedby=\"caption-attachment-9428\" style=\"width: 300px\" class=\"wp-caption alignnone\"><img fetchpriority=\"high\" decoding=\"async\" class=\"size-medium wp-image-9428\" src=\"https:\/\/portal.fgeo.gob.mx\/wp-content\/uploads\/2025\/07\/Dise%C3%B1o-sin-t%C3%ADtulo-300x172.jpg\" alt=\"\" width=\"300\" height=\"172\" \/><figcaption id=\"caption-attachment-9428\" class=\"wp-caption-text\">Dise\u00f1o sin t\u00edtulo &#8211; 1<\/figcaption><\/figure>\n<p>&nbsp;<\/p>\n","protected":false},"author":2,"featured_media":9355,"comment_status":"closed","ping_status":"closed","template":"","tags":[],"categoria_noticias":[],"class_list":["post-16860","noticias","type-noticias","status-publish","has-post-thumbnail","hentry"],"acf":[],"mb":[],"mfb_rest_fields":["title","gutenberg_elementor_mode"],"_links":{"self":[{"href":"https:\/\/portal.fgeo.gob.mx\/index.php\/wp-json\/wp\/v2\/noticias\/16860","targetHints":{"allow":["GET"]}}],"collection":[{"href":"https:\/\/portal.fgeo.gob.mx\/index.php\/wp-json\/wp\/v2\/noticias"}],"about":[{"href":"https:\/\/portal.fgeo.gob.mx\/index.php\/wp-json\/wp\/v2\/types\/noticias"}],"author":[{"embeddable":true,"href":"https:\/\/portal.fgeo.gob.mx\/index.php\/wp-json\/wp\/v2\/users\/2"}],"replies":[{"embeddable":true,"href":"https:\/\/portal.fgeo.gob.mx\/index.php\/wp-json\/wp\/v2\/comments?post=16860"}],"wp:featuredmedia":[{"embeddable":true,"href":"https:\/\/portal.fgeo.gob.mx\/index.php\/wp-json\/"}],"wp:attachment":[{"href":"https:\/\/portal.fgeo.gob.mx\/index.php\/wp-json\/wp\/v2\/media?parent=16860"}],"wp:term":[{"taxonomy":"post_tag","embeddable":true,"href":"https:\/\/portal.fgeo.gob.mx\/index.php\/wp-json\/wp\/v2\/tags?post=16860"},{"taxonomy":"categoria_noticias","embeddable":true,"href":"https:\/\/portal.fgeo.gob.mx\/index.php\/wp-json\/wp\/v2\/categoria_noticias?post=16860"}],"curies":[{"name":"wp","href":"https:\/\/api.w.org\/{rel}","templated":true}]}}