{"id":16857,"date":"2025-06-30T16:30:19","date_gmt":"2025-06-30T22:30:19","guid":{"rendered":"https:\/\/fge.oaxaca.gob.mx\/?post_type=noticias&amp;p=9416"},"modified":"2025-06-30T16:30:19","modified_gmt":"2025-06-30T22:30:19","slug":"boletin-1566-obtiene-fgeo-vinculacion-aproceso-contra-una-persona-por-tentativa-de-homicidio-tras-agresion-con-disparo-de-arma-de-fuego-ocurrido-en-huajuapan-de-leon","status":"publish","type":"noticias","link":"https:\/\/portal.fgeo.gob.mx\/index.php\/archivos\/noticias\/boletin-1566-obtiene-fgeo-vinculacion-aproceso-contra-una-persona-por-tentativa-de-homicidio-tras-agresion-con-disparo-de-arma-de-fuego-ocurrido-en-huajuapan-de-leon","title":{"rendered":"BOLET\u00cdN 1,566.- Obtiene FGEO vinculaci\u00f3n aproceso contra una persona por tentativa de homicidio tras agresi\u00f3n con disparo de arma de fuego, ocurrido en Huajuapan de Le\u00f3n"},"content":{"rendered":"<p style=\"font-weight: 400\"><strong>Oaxaca de Ju\u00e1rez, Oax. 30 de junio de 2025.-<\/strong>\u00a0La Fiscal\u00eda General del Estado de Oaxaca (FGEO) obtuvo auto de vinculaci\u00f3n a proceso en contra de una persona del sexo masculino identificado como G.M.R., por el delito de tentativa de homicidio calificado con ventaja, hechos ocurridos en la regi\u00f3n de la Mixteca.<\/p>\n<p style=\"font-weight: 400\">De acuerdo con lo asentado en el expediente penal, los hechos ocurrieron el 13 de junio de 2025, cuando la v\u00edctima -una persona del sexo masculino identificado como O.J.R.R., propietario de una tienda de abarrotes- se encontraba sentado al interior de su negocio denominado Abarrotera La Gloria, ubicado en Avenida 2 de Abril de la colonia Tepeyac del municipio de Huajuapan de Le\u00f3n, lugar donde entr\u00f3 el imputado y lo atac\u00f3 con disparos de arma de fuego, infligiendo lesiones que pusieron en peligro su vida.<\/p>\n<p style=\"font-weight: 400\">Tras estos hechos, el imputado fue detenido por polic\u00edas municipales de la zona cuando intentaba huir, mientras que elementos de la Agencia Estatal de Investigaciones (AEI) adscritos a la Vicefiscal\u00eda Regional de la Mixteca iniciaron las indagatorias del caso las cuales permitieron llevar ante el Juez a G.M.R.<\/p>\n<p style=\"font-weight: 400\">Una vez valorados los datos de prueba aportados por la Fiscal\u00eda de Oaxaca, el Juez en turno dict\u00f3 auto de vinculaci\u00f3n a proceso en contra de G.M.R., por el delito de tentativa de homicidio calificado con ventaja e impuso la medida cautelar de prisi\u00f3n preventiva oficiosa, otorgando un plazo de dos meses para el cierre de investigaci\u00f3n complementaria.<\/p>\n<p style=\"font-weight: 400\">La Fiscal\u00eda de Oaxaca est\u00e1 comprometida con brindar investigaciones prontas y efectivas, pues con esto busca garantizar a las v\u00edctimas procesos de procuraci\u00f3n de justicia eficientes.<\/p>\n<p style=\"font-weight: 400\"><img fetchpriority=\"high\" decoding=\"async\" class=\"alignnone size-medium wp-image-9417\" src=\"https:\/\/portal.fgeo.gob.mx\/wp-content\/uploads\/2025\/07\/WhatsApp-Image-2025-06-30-at-3.58.10-PM-251x300.jpeg\" alt=\"\" width=\"251\" height=\"300\" \/><\/p>\n","protected":false},"author":2,"featured_media":9355,"comment_status":"closed","ping_status":"closed","template":"","tags":[],"categoria_noticias":[],"class_list":["post-16857","noticias","type-noticias","status-publish","has-post-thumbnail","hentry"],"acf":[],"mb":[],"mfb_rest_fields":["title","gutenberg_elementor_mode"],"_links":{"self":[{"href":"https:\/\/portal.fgeo.gob.mx\/index.php\/wp-json\/wp\/v2\/noticias\/16857","targetHints":{"allow":["GET"]}}],"collection":[{"href":"https:\/\/portal.fgeo.gob.mx\/index.php\/wp-json\/wp\/v2\/noticias"}],"about":[{"href":"https:\/\/portal.fgeo.gob.mx\/index.php\/wp-json\/wp\/v2\/types\/noticias"}],"author":[{"embeddable":true,"href":"https:\/\/portal.fgeo.gob.mx\/index.php\/wp-json\/wp\/v2\/users\/2"}],"replies":[{"embeddable":true,"href":"https:\/\/portal.fgeo.gob.mx\/index.php\/wp-json\/wp\/v2\/comments?post=16857"}],"wp:featuredmedia":[{"embeddable":true,"href":"https:\/\/portal.fgeo.gob.mx\/index.php\/wp-json\/"}],"wp:attachment":[{"href":"https:\/\/portal.fgeo.gob.mx\/index.php\/wp-json\/wp\/v2\/media?parent=16857"}],"wp:term":[{"taxonomy":"post_tag","embeddable":true,"href":"https:\/\/portal.fgeo.gob.mx\/index.php\/wp-json\/wp\/v2\/tags?post=16857"},{"taxonomy":"categoria_noticias","embeddable":true,"href":"https:\/\/portal.fgeo.gob.mx\/index.php\/wp-json\/wp\/v2\/categoria_noticias?post=16857"}],"curies":[{"name":"wp","href":"https:\/\/api.w.org\/{rel}","templated":true}]}}