{"id":16854,"date":"2025-06-27T16:58:07","date_gmt":"2025-06-27T22:58:07","guid":{"rendered":"https:\/\/fge.oaxaca.gob.mx\/?post_type=noticias&amp;p=9402"},"modified":"2025-06-27T16:58:07","modified_gmt":"2025-06-27T22:58:07","slug":"boletin-1563-fgeo-y-sego-acuerdas-con-ganaderos-reforzar-investigaciones-por-abigeato-en-el-istmo-para-evitar-impunidad","status":"publish","type":"noticias","link":"https:\/\/portal.fgeo.gob.mx\/index.php\/archivos\/noticias\/boletin-1563-fgeo-y-sego-acuerdas-con-ganaderos-reforzar-investigaciones-por-abigeato-en-el-istmo-para-evitar-impunidad","title":{"rendered":"BOLET\u00cdN 1,563.- FGEO y SEGO acuerdas con ganaderos reforzar investigaciones por abigeato en el Istmo para evitar impunidad"},"content":{"rendered":"<p><strong>\u00a0<\/strong><\/p>\n<ul>\n<li>Fiscal\u00eda interpondr\u00e1 recurso de apelaci\u00f3n por decisi\u00f3n de Juez que dej\u00f3 en libertad a personas detenidas en flagrancia<\/li>\n<\/ul>\n<p>&nbsp;<\/p>\n<ul>\n<li>Despu\u00e9s de reuni\u00f3n de trabajo, levantan protesta que manten\u00edan en el Canal 33 de Juchit\u00e1n de Zaragoza<\/li>\n<\/ul>\n<p><strong>\u00a0<\/strong><\/p>\n<p><strong>Oaxaca de Ju\u00e1rez, Oax., a 27 de junio de 2025.-<\/strong> La Fiscal\u00eda General del Estado de Oaxaca (FGEO) y la Secretar\u00eda de Gobierno (SEGO) sostuvieron una reuni\u00f3n de trabajo con representantes de la Uni\u00f3n Ganadera Regional del Istmo de Tehuantepec con quienes acord\u00f3 acciones inmediatas para mejorar los procesos de atenci\u00f3n al delito de abigeato ocurrido recientemente en la regi\u00f3n, adem\u00e1s que se tomar\u00e1n medidas preventivas, lo que permiti\u00f3 que la organizaci\u00f3n retirara el bloqueo que manten\u00edan en inmediaciones del canal 33 en Juchit\u00e1n de Zaragoza.<\/p>\n<p>&nbsp;<\/p>\n<p>La reuni\u00f3n deriv\u00f3 de los hechos ocurridos el pasado martes 24 de junio de 2025, cuando un ganadero se percat\u00f3 que un grupo de personas se rob\u00f3 cabezas de ganado en el municipio de San Blas Atempa.<\/p>\n<p>&nbsp;<\/p>\n<p>Al reportar los hechos, las cabezas de ganado y los probables responsables fueron interceptados y detenidos por la polic\u00eda municipal en El Espinal, por lo que fueron puestos a disposici\u00f3n del Ministerio P\u00fablico.<\/p>\n<p>&nbsp;<\/p>\n<p><img fetchpriority=\"high\" decoding=\"async\" class=\"alignnone size-medium wp-image-9403\" src=\"https:\/\/portal.fgeo.gob.mx\/wp-content\/uploads\/2025\/06\/IMAGEN-1.-BOLET%C3%8DN-1563-300x225.jpeg\" alt=\"\" width=\"300\" height=\"225\" \/><img decoding=\"async\" class=\"alignnone size-medium wp-image-9404\" src=\"https:\/\/portal.fgeo.gob.mx\/wp-content\/uploads\/2025\/06\/IMAGEN-2.-BOLET%C3%8DN-1563-300x225.jpeg\" alt=\"\" width=\"300\" height=\"225\" \/><\/p>\n<p>&nbsp;<\/p>\n<p>Luego de reunir los datos de prueba suficientes para formular la acusaci\u00f3n por el delito de Abigeato, el jueves 26 de junio de 2025, los detenidos fueron llevados a audiencia de Control de Detenci\u00f3n, donde el Juez del Tribunal Superior de Justicia del Estado de Oaxaca los puso en libertad.<\/p>\n<p>&nbsp;<\/p>\n<p>Ante la situaci\u00f3n legal, la Fiscal\u00eda de Oaxaca, a trav\u00e9s de la Vicefiscal\u00eda Regional del Istmo, dieron atenci\u00f3n a las v\u00edctimas, que forman parte de Uni\u00f3n Ganadera Regional del Istmo de Tehuantepec, con quienes se acord\u00f3 dar seguimiento a la carpeta de investigaci\u00f3n para dar con los responsables de este delito.<\/p>\n<p>&nbsp;<\/p>\n<p>Adem\u00e1s, la FGEO lleva a cabo los trabajos legales para presentar los recursos procesales id\u00f3neos para proteger los derechos de las v\u00edctimas de abigeato.<\/p>\n","protected":false},"author":2,"featured_media":9355,"comment_status":"closed","ping_status":"closed","template":"","tags":[],"categoria_noticias":[],"class_list":["post-16854","noticias","type-noticias","status-publish","has-post-thumbnail","hentry"],"acf":[],"mb":[],"mfb_rest_fields":["title","gutenberg_elementor_mode"],"_links":{"self":[{"href":"https:\/\/portal.fgeo.gob.mx\/index.php\/wp-json\/wp\/v2\/noticias\/16854","targetHints":{"allow":["GET"]}}],"collection":[{"href":"https:\/\/portal.fgeo.gob.mx\/index.php\/wp-json\/wp\/v2\/noticias"}],"about":[{"href":"https:\/\/portal.fgeo.gob.mx\/index.php\/wp-json\/wp\/v2\/types\/noticias"}],"author":[{"embeddable":true,"href":"https:\/\/portal.fgeo.gob.mx\/index.php\/wp-json\/wp\/v2\/users\/2"}],"replies":[{"embeddable":true,"href":"https:\/\/portal.fgeo.gob.mx\/index.php\/wp-json\/wp\/v2\/comments?post=16854"}],"wp:featuredmedia":[{"embeddable":true,"href":"https:\/\/portal.fgeo.gob.mx\/index.php\/wp-json\/"}],"wp:attachment":[{"href":"https:\/\/portal.fgeo.gob.mx\/index.php\/wp-json\/wp\/v2\/media?parent=16854"}],"wp:term":[{"taxonomy":"post_tag","embeddable":true,"href":"https:\/\/portal.fgeo.gob.mx\/index.php\/wp-json\/wp\/v2\/tags?post=16854"},{"taxonomy":"categoria_noticias","embeddable":true,"href":"https:\/\/portal.fgeo.gob.mx\/index.php\/wp-json\/wp\/v2\/categoria_noticias?post=16854"}],"curies":[{"name":"wp","href":"https:\/\/api.w.org\/{rel}","templated":true}]}}