{"id":16851,"date":"2025-06-27T12:11:32","date_gmt":"2025-06-27T18:11:32","guid":{"rendered":"https:\/\/fge.oaxaca.gob.mx\/?post_type=noticias&amp;p=9396"},"modified":"2025-06-27T12:11:32","modified_gmt":"2025-06-27T18:11:32","slug":"boletin-operacion-sable-realizan-primera-reunion-de-evaluacion-de-la-operacion-sable-en-el-istmo-de-tehuantepec-inhabilitaran-camaras-de-vigilancia-ilegales-colocadas-en-espacios-publicos-ademas-d","status":"publish","type":"noticias","link":"https:\/\/portal.fgeo.gob.mx\/index.php\/archivos\/noticias\/boletin-operacion-sable-realizan-primera-reunion-de-evaluacion-de-la-operacion-sable-en-el-istmo-de-tehuantepec-inhabilitaran-camaras-de-vigilancia-ilegales-colocadas-en-espacios-publicos-ademas-d","title":{"rendered":"BOLET\u00cdN OPERACI\u00d3N SABLE.- Realizan Primera Reuni\u00f3n de Evaluaci\u00f3n de la Operaci\u00f3n Sable en el Istmo de Tehuantepec, inhabilitar\u00e1n c\u00e1maras de vigilancia ilegales colocadas en espacios p\u00fablicos, adem\u00e1s de fortalecer patrullajes"},"content":{"rendered":"<p style=\"font-weight: 400\"><em>* Priorizan reordenamiento de transporte p\u00fablico luego de detectar que han utilizado unidades para la comisi\u00f3n de diferentes delitos<\/em><\/p>\n<p style=\"font-weight: 400\"><strong>Oaxaca de Ju\u00e1rez, Oax. a 26 de junio de 2025.-\u00a0<\/strong>Dentro de los principales acuerdos emanados de la Primera Reuni\u00f3n de Evaluaci\u00f3n de la Operaci\u00f3n Sable, para restaurar el orden y la paz en el Istmo de Tehuantepec, est\u00e1 el reordenamiento del transporte p\u00fablico en Juchit\u00e1n de Zaragoza, adem\u00e1s de la ampliaci\u00f3n y reforzamiento de los despliegues de disuasi\u00f3n y vigilancia en este municipio, para la reducci\u00f3n de la incidencia delictiva en la comunidad, acciones directas en las que participa la Fiscal\u00eda General del Estado de Oaxaca (FGEO), a trav\u00e9s de la Agencia Estatal de Investigaciones (AEI), la Secretar\u00eda de la Defensa Nacional (DEFENSA), Secretar\u00eda de Marina (SEMAR), Guardia Nacional y la Polic\u00eda Estatal de la Secretar\u00eda de Seguridad y Protecci\u00f3n Ciudadana (SSPC), adem\u00e1s de la Secretar\u00eda de Gobierno (SEGO), as\u00ed como el Secretariado Ejecutivo del Sistema Estatal de Seguridad P\u00fablica.<\/p>\n<p style=\"font-weight: 400\">Dentro de las principales acciones, est\u00e1 el mapeo e inhabilitaci\u00f3n de c\u00e1maras de video vigilancia que no pertenezcan a los centros de Control y Comando del Estado y Municipio (C2 y C4), que est\u00e9n siendo utilizadas para fines distintos al inter\u00e9s p\u00fablico.<\/p>\n<p style=\"font-weight: 400\">De igual forma, se acord\u00f3 el inicio de un programa para el reordenamiento y regularizaci\u00f3n del transporte p\u00fablico, debido a que detectaron la utilizaci\u00f3n de unidades del transporte en la comisi\u00f3n de diferentes delitos.<\/p>\n<p style=\"font-weight: 400\">Adem\u00e1s, la ampliaci\u00f3n e intensificaci\u00f3n de los recorridos\u00a0de seguridad encabezados por la Polic\u00eda Estatal en coordinaci\u00f3n con Fuerzas Federales en zonas perif\u00e9ricas y de dif\u00edcil acceso con altos \u00edndices delictivos.<\/p>\n<p style=\"font-weight: 400\">En esta reuni\u00f3n realizada en las instalaciones del 13\/o Regimiento de Caballer\u00eda Motorizado de la DEFENSA, en Ciudad Ixtepec, estuvo encabezada por el Mando de Seguridad que eval\u00faa los primeros resultados de este mega operativo en el que colaboran m\u00e1s de mil elementos de los organismos que participan.<\/p>\n<p style=\"font-weight: 400\">Ante la reducci\u00f3n de la incidencia delictiva, principalmente en Juchit\u00e1n de Zaragoza, se establecieron acciones para el fortalecimiento de la estrategia de seguridad, articulada a trav\u00e9s de la Operaci\u00f3n Sable.<\/p>\n<p style=\"font-weight: 400\">En tanto que, tambi\u00e9n se priorizan los trabajos vigilancia en los principales puntos comerciales y tiendas de diferentes giros en Juchit\u00e1n, para prevenir la comisi\u00f3n de conductas delictivas, a trav\u00e9s de la Polic\u00eda Auxiliar, Bancaria, Industrial y Comercial.<\/p>\n<p style=\"font-weight: 400\">Mientras que, dentro de las acciones para la atenci\u00f3n integral a las causas se busca la proximidad social con escuelas de educaci\u00f3n media-superior de la regi\u00f3n para el acercamiento con las juventudes para la sensibilizaci\u00f3n sobre las problem\u00e1ticas en materia de seguridad, con el objetivo de reconstruir el tejido social en la comunidad.<\/p>\n<p style=\"font-weight: 400\">Esta primera reuni\u00f3n de evaluaci\u00f3n permite conocer los alcances y los primeros resultados de la Operaci\u00f3n Sable, para que, de esta manera se dise\u00f1en las acciones de reforzamiento que den como resultado la restauraci\u00f3n de la paz social y se garantice la seguridad en la regi\u00f3n del Istmo de Tehuantepec.<\/p>\n<p style=\"font-weight: 400\">\n","protected":false},"author":2,"featured_media":9355,"comment_status":"closed","ping_status":"closed","template":"","tags":[],"categoria_noticias":[],"class_list":["post-16851","noticias","type-noticias","status-publish","has-post-thumbnail","hentry"],"acf":[],"mb":[],"mfb_rest_fields":["title","gutenberg_elementor_mode"],"_links":{"self":[{"href":"https:\/\/portal.fgeo.gob.mx\/index.php\/wp-json\/wp\/v2\/noticias\/16851","targetHints":{"allow":["GET"]}}],"collection":[{"href":"https:\/\/portal.fgeo.gob.mx\/index.php\/wp-json\/wp\/v2\/noticias"}],"about":[{"href":"https:\/\/portal.fgeo.gob.mx\/index.php\/wp-json\/wp\/v2\/types\/noticias"}],"author":[{"embeddable":true,"href":"https:\/\/portal.fgeo.gob.mx\/index.php\/wp-json\/wp\/v2\/users\/2"}],"replies":[{"embeddable":true,"href":"https:\/\/portal.fgeo.gob.mx\/index.php\/wp-json\/wp\/v2\/comments?post=16851"}],"wp:featuredmedia":[{"embeddable":true,"href":"https:\/\/portal.fgeo.gob.mx\/index.php\/wp-json\/"}],"wp:attachment":[{"href":"https:\/\/portal.fgeo.gob.mx\/index.php\/wp-json\/wp\/v2\/media?parent=16851"}],"wp:term":[{"taxonomy":"post_tag","embeddable":true,"href":"https:\/\/portal.fgeo.gob.mx\/index.php\/wp-json\/wp\/v2\/tags?post=16851"},{"taxonomy":"categoria_noticias","embeddable":true,"href":"https:\/\/portal.fgeo.gob.mx\/index.php\/wp-json\/wp\/v2\/categoria_noticias?post=16851"}],"curies":[{"name":"wp","href":"https:\/\/api.w.org\/{rel}","templated":true}]}}