{"id":16847,"date":"2025-06-25T13:56:49","date_gmt":"2025-06-25T19:56:49","guid":{"rendered":"https:\/\/fge.oaxaca.gob.mx\/?post_type=noticias&amp;p=9380"},"modified":"2025-06-25T13:56:49","modified_gmt":"2025-06-25T19:56:49","slug":"9380","status":"publish","type":"noticias","link":"https:\/\/portal.fgeo.gob.mx\/index.php\/archivos\/noticias\/9380","title":{"rendered":"BOLET\u00cdN 1559.- Fiscal\u00eda de Oaxaca logra prisi\u00f3n preventiva y lleva ante juez a tres personas por narcomenudeo de metanfeteminas, quienes operaban en Juchit\u00e1n de Zaragoza"},"content":{"rendered":"<p><strong>Oaxaca de Ju\u00e1rez, Oax. 25 de junio de 2025<\/strong>.- Como resultado del trabajo de investigaci\u00f3n interinstitucional a trav\u00e9s de la Operaci\u00f3n Sable, la Fiscal\u00eda General del Estado de Oaxaca (FGEO) llev\u00f3 ante el Juez a tres personas, dos hombres identificados como J.E.R.S., y E.S.R., adem\u00e1s de una mujer de iniciales D.V.C., imputados por el delito contra la salud en su hip\u00f3tesis de narcomenudeo en modalidad de suministro de metanfetamina que operan en Juchit\u00e1n de Zaragoza en la regi\u00f3n del Istmo de Tehuantepec.<\/p>\n<p>Conforme a lo asentado en el expediente penal del caso, los tres imputados fueron detenidos el 22 de junio de 2025, en la colonia 19 de Marzo de la Octava Secci\u00f3n de Juchit\u00e1n, por elementos de la Agencia Estatal de Investigaciones (AEI), en colaboraci\u00f3n con la Secretar\u00eda de la Defensa Nacional (DEFENSA), Secretar\u00eda de Marina, Guardia Nacional y la Secretar\u00eda de Seguridad y Protecci\u00f3n Ciudadana, que se percataron sobre la presencia de dos hombres y una mujer a bordo de una motocicleta, quienes se encontraban intercambiando un objeto con alguien m\u00e1s.<\/p>\n<p>Al ver la presencia de las autoridades, encendieron la unidad de motor e intentaron huir, pero fueron interceptados metros m\u00e1s adelante e inspeccionados, y les hallaron entre sus pertenencias diversas bolsas que conten\u00edan dosis de metanfetamina, una b\u00e1scula gramera, un tel\u00e9fono celular y dinero en efectivo.<\/p>\n<p>Por estos hechos, J.E.R.S., E.S.R., y D.V.C., fueron detenidos junto con lo asegurado y trasladados ante las autoridades ministeriales de la Vicefiscal\u00eda Regional de Valles Centrales para resolver su situaci\u00f3n jur\u00eddica.<\/p>\n<p>Tras verificar los resultados de prueba, el Juez de la causa calific\u00f3 como legal la detenci\u00f3n de las tres personas, por lo que la Fiscal\u00eda de Oaxaca hizo la solicitud de la vinculaci\u00f3n a proceso, logrando obtener la medida cautelar de prisi\u00f3n preventiva justificada a espera de la siguiente audiencia en la que se decidir\u00e1 su situaci\u00f3n jur\u00eddica.<\/p>\n<p>La Fiscal\u00eda de Oaxaca prioriza la investigaci\u00f3n de los delitos que atenten contra la sociedad como lo son los delitos contra la salud, los cuales, est\u00e1n directamente relacionados con otras conductas delictivas.<\/p>\n<p><img fetchpriority=\"high\" decoding=\"async\" class=\"alignnone size-medium wp-image-9381\" src=\"https:\/\/portal.fgeo.gob.mx\/wp-content\/uploads\/2025\/06\/BOLET%C3%8DN-1559.-Fiscal%C3%ADa-de-Oaxaca-logra-prisi%C3%B3n-preventiva-y-lleva-ante-juez-a-tres-personas-por-narcomenudeo-de-metanfeteminas-quienes-operaban-en-Juchit%C3%A1n-de-Zaragoza4-1-300x224.jpeg\" alt=\"\" width=\"300\" height=\"224\" \/> <img decoding=\"async\" class=\"alignnone size-medium wp-image-9382\" src=\"https:\/\/portal.fgeo.gob.mx\/wp-content\/uploads\/2025\/06\/BOLET%C3%8DN-1559.-Fiscal%C3%ADa-de-Oaxaca-logra-prisi%C3%B3n-preventiva-y-lleva-ante-juez-a-tres-personas-por-narcomenudeo-de-metanfeteminas-quienes-operaban-en-Juchit%C3%A1n-de-Zaragoza3-1-300x221.jpeg\" alt=\"\" width=\"300\" height=\"221\" \/> <img decoding=\"async\" class=\"alignnone size-medium wp-image-9383\" src=\"https:\/\/portal.fgeo.gob.mx\/wp-content\/uploads\/2025\/06\/BOLET%C3%8DN-1559.-Fiscal%C3%ADa-de-Oaxaca-logra-prisi%C3%B3n-preventiva-y-lleva-ante-juez-a-tres-personas-por-narcomenudeo-de-metanfeteminas-quienes-operaban-en-Juchit%C3%A1n-de-Zaragoza2-1-300x220.jpeg\" alt=\"\" width=\"300\" height=\"220\" \/><\/p>\n","protected":false},"author":2,"featured_media":9355,"comment_status":"closed","ping_status":"closed","template":"","tags":[],"categoria_noticias":[],"class_list":["post-16847","noticias","type-noticias","status-publish","has-post-thumbnail","hentry"],"acf":[],"mb":[],"mfb_rest_fields":["title","gutenberg_elementor_mode"],"_links":{"self":[{"href":"https:\/\/portal.fgeo.gob.mx\/index.php\/wp-json\/wp\/v2\/noticias\/16847","targetHints":{"allow":["GET"]}}],"collection":[{"href":"https:\/\/portal.fgeo.gob.mx\/index.php\/wp-json\/wp\/v2\/noticias"}],"about":[{"href":"https:\/\/portal.fgeo.gob.mx\/index.php\/wp-json\/wp\/v2\/types\/noticias"}],"author":[{"embeddable":true,"href":"https:\/\/portal.fgeo.gob.mx\/index.php\/wp-json\/wp\/v2\/users\/2"}],"replies":[{"embeddable":true,"href":"https:\/\/portal.fgeo.gob.mx\/index.php\/wp-json\/wp\/v2\/comments?post=16847"}],"wp:featuredmedia":[{"embeddable":true,"href":"https:\/\/portal.fgeo.gob.mx\/index.php\/wp-json\/"}],"wp:attachment":[{"href":"https:\/\/portal.fgeo.gob.mx\/index.php\/wp-json\/wp\/v2\/media?parent=16847"}],"wp:term":[{"taxonomy":"post_tag","embeddable":true,"href":"https:\/\/portal.fgeo.gob.mx\/index.php\/wp-json\/wp\/v2\/tags?post=16847"},{"taxonomy":"categoria_noticias","embeddable":true,"href":"https:\/\/portal.fgeo.gob.mx\/index.php\/wp-json\/wp\/v2\/categoria_noticias?post=16847"}],"curies":[{"name":"wp","href":"https:\/\/api.w.org\/{rel}","templated":true}]}}