{"id":16845,"date":"2025-06-25T08:01:32","date_gmt":"2025-06-25T14:01:32","guid":{"rendered":"https:\/\/fge.oaxaca.gob.mx\/?post_type=noticias&amp;p=9368"},"modified":"2025-06-25T08:01:32","modified_gmt":"2025-06-25T14:01:32","slug":"boletin-1557-aprehenden-a-dos-personas-mas-por-incendios-a-oxxos-en-juchitan-suman-seis-personas-detenidas-por-estos-hechos-ocurridos-en-el-istmo-de-tehuantepec-fiscalia-de-oaxaca","status":"publish","type":"noticias","link":"https:\/\/portal.fgeo.gob.mx\/index.php\/archivos\/noticias\/boletin-1557-aprehenden-a-dos-personas-mas-por-incendios-a-oxxos-en-juchitan-suman-seis-personas-detenidas-por-estos-hechos-ocurridos-en-el-istmo-de-tehuantepec-fiscalia-de-oaxaca","title":{"rendered":"BOLET\u00cdN 1557.- Aprehenden a dos personas m\u00e1s por incendios a OXXOS en Juchit\u00e1n, suman seis personas detenidas por estos hechos ocurridos en el Istmo de Tehuantepec: Fiscal\u00eda de Oaxaca"},"content":{"rendered":"<ul>\n<li><em>Las detenciones son parte de los resultados de la aplicaci\u00f3n de la Operaci\u00f3n Sable, en la que trabajan de manera coordinada la FGEO, AEI, DEFENSA, SEMAR, GN y SSPC<\/em><\/li>\n<\/ul>\n<p><strong>Oaxaca de Ju\u00e1rez, Oax. 25 de junio de 2025<\/strong>.- Como resultado de los trabajos de inteligencia criminal que encabeza la Fiscal\u00eda General del Estado de Oaxaca (FGEO), a trav\u00e9s de la Agencia Estatal de Investigaciones (AEI), con la implementaci\u00f3n estrat\u00e9gica de la Operaci\u00f3n Sable en el Istmo de Tehuantepec, se logr\u00f3 la detenci\u00f3n de dos personas m\u00e1s por su involucramiento en los incendios provocados a dos sucursales de las tiendas OXXO de Juchit\u00e1n, acciones con las que suman seis personas detenidas por este caso, gracias a las labores coordinadas con la Secretar\u00eda de la Defensa Nacional (DEFENSA), Secretar\u00eda de Marina (SEMAR), Guardia Nacional y la Secretar\u00eda de Seguridad y Protecci\u00f3n Ciudadana (SSPC).<\/p>\n<p>Las dos personas detenidas son C.O.M., alias \u201cEl Negro\u201d y G.R.B., alias \u201cTavo\u201d o \u201cCrico\u201d, quienes quedaron a disposici\u00f3n del Ministerio P\u00fablico para determinar su situaci\u00f3n legal, por su participaci\u00f3n en la quema de dos tiendas en el Istmo de Tehuantepec.<\/p>\n<p>Dichos incendios fueron provocados el lunes, 16 de junio de 2025, en dos sucursales de la cadena de tiendas de conveniencia OXXO de la ciudad de Juchit\u00e1n de Zaragoza, una de ellas ubicada en la calle Abasolo esquina con Rosendo Pineda, mientras que otra localizada en la calle Sa\u00fal Mart\u00ednez de la Octava Secci\u00f3n.<\/p>\n<p>Con las dos detenciones m\u00e1s recientes, las de C.O.M., alias \u201cEl Negro\u201d y G.R.B., alias \u201cTavo\u201d o \u201cCrico\u201d, suman cuatro personas bajo proceso penal por este caso.<\/p>\n<p>Las primeras cuatro capturas se llevaron a cabo el 18 de junio de 2025, en distintas zonas de la ciudad de Juchit\u00e1n de Zaragoza, las personas detenidas fueron identificadas como N.J.J.C., alias \u201cChico Bala\u201d; J.A.S.S., alias \u201cChuy\u201d; B.A.C.S., alias \u201cPapaya\u201d y C.E.BC., alias \u201cCachorro\u201d.<\/p>\n<p>En tanto que, la Fiscal\u00eda de Oaxaca, a trav\u00e9s de la AEI, realizan trabajos conjuntos en estrecha coordinaci\u00f3n con la DEFENSA, SEMAR, Guardia Nacional y la SSPC, como parte de la estrategia integral para restaurar la paz en la regi\u00f3n del Istmo, con la implementaci\u00f3n de la Operaci\u00f3n Sable.<\/p>\n<p><img fetchpriority=\"high\" decoding=\"async\" class=\"alignnone size-medium wp-image-9369\" src=\"https:\/\/portal.fgeo.gob.mx\/wp-content\/uploads\/2025\/06\/BOLET%C3%8DN-1557.-Aprehenden-a-dos-personas-m%C3%A1s-por-incendios-a-OXXOS-en-Juchit%C3%A1n-suman-seis-personas-detenidas-por-estos-hechos-ocurridos-en-el-Istmo-de-Tehuantepec-Fiscal%C3%ADa-de-Oaxaca2-300x250.jpeg\" alt=\"\" width=\"300\" height=\"250\" \/> <img decoding=\"async\" class=\"alignnone size-medium wp-image-9370\" src=\"https:\/\/portal.fgeo.gob.mx\/wp-content\/uploads\/2025\/06\/BOLET%C3%8DN-1557.-Aprehenden-a-dos-personas-m%C3%A1s-por-incendios-a-OXXOS-en-Juchit%C3%A1n-suman-seis-personas-detenidas-por-estos-hechos-ocurridos-en-el-Istmo-de-Tehuantepec-Fiscal%C3%ADa-de-Oaxaca1-300x286.jpeg\" alt=\"\" width=\"300\" height=\"286\" \/><\/p>\n","protected":false},"author":2,"featured_media":9355,"comment_status":"closed","ping_status":"closed","template":"","tags":[],"categoria_noticias":[],"class_list":["post-16845","noticias","type-noticias","status-publish","has-post-thumbnail","hentry"],"acf":[],"mb":[],"mfb_rest_fields":["title","gutenberg_elementor_mode"],"_links":{"self":[{"href":"https:\/\/portal.fgeo.gob.mx\/index.php\/wp-json\/wp\/v2\/noticias\/16845","targetHints":{"allow":["GET"]}}],"collection":[{"href":"https:\/\/portal.fgeo.gob.mx\/index.php\/wp-json\/wp\/v2\/noticias"}],"about":[{"href":"https:\/\/portal.fgeo.gob.mx\/index.php\/wp-json\/wp\/v2\/types\/noticias"}],"author":[{"embeddable":true,"href":"https:\/\/portal.fgeo.gob.mx\/index.php\/wp-json\/wp\/v2\/users\/2"}],"replies":[{"embeddable":true,"href":"https:\/\/portal.fgeo.gob.mx\/index.php\/wp-json\/wp\/v2\/comments?post=16845"}],"wp:featuredmedia":[{"embeddable":true,"href":"https:\/\/portal.fgeo.gob.mx\/index.php\/wp-json\/"}],"wp:attachment":[{"href":"https:\/\/portal.fgeo.gob.mx\/index.php\/wp-json\/wp\/v2\/media?parent=16845"}],"wp:term":[{"taxonomy":"post_tag","embeddable":true,"href":"https:\/\/portal.fgeo.gob.mx\/index.php\/wp-json\/wp\/v2\/tags?post=16845"},{"taxonomy":"categoria_noticias","embeddable":true,"href":"https:\/\/portal.fgeo.gob.mx\/index.php\/wp-json\/wp\/v2\/categoria_noticias?post=16845"}],"curies":[{"name":"wp","href":"https:\/\/api.w.org\/{rel}","templated":true}]}}