{"id":16844,"date":"2025-06-24T16:00:26","date_gmt":"2025-06-24T22:00:26","guid":{"rendered":"https:\/\/fge.oaxaca.gob.mx\/?post_type=noticias&amp;p=9363"},"modified":"2025-06-24T16:00:26","modified_gmt":"2025-06-24T22:00:26","slug":"boletin-1556-intervencion-en-la-policia-municipal-y-c-2-de-juchitan-como-parte-de-las-acciones-de-la-operacion-sable-para-restaurar-la-paz-y-tranquilidad-en-la-comunidad-fiscal-de-oaxaca-bernardo","status":"publish","type":"noticias","link":"https:\/\/portal.fgeo.gob.mx\/index.php\/archivos\/noticias\/boletin-1556-intervencion-en-la-policia-municipal-y-c-2-de-juchitan-como-parte-de-las-acciones-de-la-operacion-sable-para-restaurar-la-paz-y-tranquilidad-en-la-comunidad-fiscal-de-oaxaca-bernardo","title":{"rendered":"BOLET\u00cdN 1,556.-Intervenci\u00f3n en la Polic\u00eda Municipal y C-2 de Juchit\u00e1n, como parte de las acciones de la Operaci\u00f3n Sable para restaurar la paz y tranquilidad en la comunidad: Fiscal de Oaxaca Bernardo Rodr\u00edguez Alamilla"},"content":{"rendered":"<div>\n<div class=\"\">\n<div class=\"public-DraftStyleDefault-block public-DraftStyleDefault-ltr\"><span>Oaxaca de Ju\u00e1rez, Oax. 24 de junio de 2025.- Durante la conferencia de prensa del Gobierno del Estado de Oaxaca, el Fiscal General Bernardo Rodr\u00edguez Alamilla detall\u00f3 que, derivado de diferentes procesos de investigaci\u00f3n e inteligencia se determin\u00f3 que en polic\u00eda municipal, pero tambi\u00e9n en el tema del C-2, de Juchit\u00e1n de Zaragoza hab\u00eda elementos que estaban siendo utilizados para favorecer actividades delincuenciales, por ello, se desarroll\u00f3 una intervenci\u00f3n integral coordinada con Guardia Nacional, la Secretar\u00eda de la Defensa Nacional, la Secretar\u00eda de Marina y la Polic\u00eda Estatal de la Secretar\u00eda de Seguridad y Protecci\u00f3n Ciudadana, que buscan generar condiciones de paz y tranquilidad para la comunidad.<\/span><\/div>\n<\/div>\n<\/div>\n<div>\n<div class=\"\">\n<div class=\"public-DraftStyleDefault-block public-DraftStyleDefault-ltr\"><span>\u00a0<\/span><\/div>\n<\/div>\n<\/div>\n<div>\n<div class=\"\">\n<div class=\"public-DraftStyleDefault-block public-DraftStyleDefault-ltr\"><span>Durante la conferencia encabezada por el Gobernador Salom\u00f3n Jara, el Fiscal de Oaxaca, Bernardo Rodr\u00edguez Alamilla puntualiz\u00f3 que Juchit\u00e1n es el epicentro de la regi\u00f3n del Istmo de Tehuantepec, por ello se llevan a cabo estas acciones, como la concentraci\u00f3n de los m\u00e1s de 200 elementos de la polic\u00eda municipal, quienes ser\u00e1n sometidos a evaluaciones de control y confianza, que estar\u00e1n a cargo del Centro de Evaluaci\u00f3n y Control de Confianza del Secretariado Ejecutivo del Sistema Estatal de Seguridad P\u00fablica.<\/span><\/div>\n<\/div>\n<\/div>\n<div>\n<div class=\"\">\n<div class=\"public-DraftStyleDefault-block public-DraftStyleDefault-ltr\"><span>\u00a0<\/span><\/div>\n<\/div>\n<\/div>\n<div>\n<div class=\"\">\n<div class=\"public-DraftStyleDefault-block public-DraftStyleDefault-ltr\"><span>El Fiscal de Oaxaca, Bernardo Rodr\u00edguez Alamilla resalt\u00f3 que tambi\u00e9n est\u00e1 en proceso de revista por parte de la Polic\u00eda Estatal, las armas y se verifica que cuenten con permisos adecuados, acciones en conjunto con la Secretar\u00eda de Defensa Nacional.<\/span><\/div>\n<\/div>\n<\/div>\n<div class=\"public-DraftStyleDefault-block public-DraftStyleDefault-ltr\"><\/div>\n<div class=\"public-DraftStyleDefault-block public-DraftStyleDefault-ltr\"><\/div>\n<div class=\"public-DraftStyleDefault-block public-DraftStyleDefault-ltr\">\u00a0 \u00a0 \u00a0 \u00a0 \u00a0 \u00a0 \u00a0 \u00a0 \u00a0 \u00a0 \u00a0 \u00a0 \u00a0 \u00a0 \u00a0 \u00a0 \u00a0 \u00a0\u00a0<img fetchpriority=\"high\" decoding=\"async\" class=\"alignnone size-medium wp-image-9364\" src=\"https:\/\/portal.fgeo.gob.mx\/wp-content\/uploads\/2025\/06\/BOLET%C3%8DN-1556.-IMAGEN-1-300x200.jpeg\" alt=\"\" width=\"300\" height=\"200\" \/>\u00a0 \u00a0 \u00a0 \u00a0\u00a0 <img decoding=\"async\" class=\"alignnone size-medium wp-image-9365\" src=\"https:\/\/portal.fgeo.gob.mx\/wp-content\/uploads\/2025\/06\/BOLET%C3%8DN-1556.-IMAGEN-2-300x200.jpeg\" alt=\"\" width=\"300\" height=\"200\" \/><\/div>\n<div class=\"public-DraftStyleDefault-block public-DraftStyleDefault-ltr\"><\/div>\n<div>\n<div class=\"\">\n<div class=\"public-DraftStyleDefault-block public-DraftStyleDefault-ltr\"><span>\u00a0<\/span><\/div>\n<\/div>\n<\/div>\n<div>\n<div class=\"\">\n<div class=\"public-DraftStyleDefault-block public-DraftStyleDefault-ltr\"><span>Adem\u00e1s, se intervino el C-2, que ahora est\u00e1 bajo el mando del C-4, pues de acuerdo con los procesos de investigaci\u00f3n se pudo determinar que estaban siendo utilizados para favorecer acciones delincuenciales.<\/span><\/div>\n<\/div>\n<\/div>\n<div>\n<div class=\"\">\n<div class=\"public-DraftStyleDefault-block public-DraftStyleDefault-ltr\"><span>\u00a0<\/span><\/div>\n<\/div>\n<\/div>\n<div>\n<div class=\"\">\n<div class=\"public-DraftStyleDefault-block public-DraftStyleDefault-ltr\"><span>Y resalt\u00f3 que la Fiscal\u00eda General del Estado de Oaxaca trabaja coordinadamente con la SSPC, SEMAR, Guardia Nacional y la Secretar\u00eda de la Defensa Nacional, para que se realicen las acciones necesarias que permitan garantizar y generar las condiciones de seguridad en el municipio de Juchit\u00e1n, durante este proceso que llevar\u00e1 aproximadamente 60 d\u00edas.<\/span><\/div>\n<\/div>\n<\/div>\n<div>\n<div class=\"\">\n<div class=\"public-DraftStyleDefault-block public-DraftStyleDefault-ltr\"><span>\u00a0<\/span><\/div>\n<\/div>\n<\/div>\n<div>\n<div class=\"\">\n<div class=\"public-DraftStyleDefault-block public-DraftStyleDefault-ltr\"><span>Rodr\u00edguez Alamilla reiter\u00f3 que una vez concluidos los procesos de evaluaci\u00f3n y control de confianza de la polic\u00eda municipal se espera que la comunidad cuente con una corporaci\u00f3n de seguridad confiable, pero adem\u00e1s, estas actividades van acompa\u00f1adas de una atenci\u00f3n integral como patrullajes continuos y filtros de revisi\u00f3n en zonas estrat\u00e9gicas del municipio, operativos de revisi\u00f3n al transporte p\u00fablico, as\u00ed como la identificaci\u00f3n pol\u00edgonos prioritarios con base en informaci\u00f3n de inteligencia criminal.<\/span><\/div>\n<\/div>\n<\/div>\n<div>\n<div class=\"\">\n<div class=\"public-DraftStyleDefault-block public-DraftStyleDefault-ltr\"><span>\u00a0<\/span><\/div>\n<\/div>\n<\/div>\n<div>\n<div class=\"\">\n<div class=\"public-DraftStyleDefault-block public-DraftStyleDefault-ltr\"><span>A\u00f1adi\u00f3 que se estar\u00e1n realizando la supervisi\u00f3n de establecimientos comerciales y puntos de riesgo en coordinaci\u00f3n con autoridades ministeriales y corporaciones de seguridad estatales y federales y enfatiz\u00f3 que, en el caso de las dos tiendas de conveniencia que fueron incendiadas hay cuatro personas detenidas, y que pr\u00f3ximamente se informar\u00e1 sobre otras dos personas m\u00e1s.<\/span><\/div>\n<\/div>\n<\/div>\n<div>\n<div class=\"\">\n<div class=\"public-DraftStyleDefault-block public-DraftStyleDefault-ltr\"><span>\u00a0<\/span><\/div>\n<\/div>\n<\/div>\n<div>\n<div class=\"\">\n<div class=\"public-DraftStyleDefault-block public-DraftStyleDefault-ltr\"><span>Finalmente, el Fiscal Bernardo Rodr\u00edguez Alamilla dijo que esta es una nueva fase de la Operaci\u00f3n Sable, pues se refuerzan las labores y hay una intervenci\u00f3n directa en la zona, pero estas acciones se acompa\u00f1an de una atenci\u00f3n integral a las causas enfocadas en la reconstrucci\u00f3n del tejido social que permita restaurar la paz social en la zona a favor de la poblaci\u00f3n.<\/span><\/div>\n<div class=\"public-DraftStyleDefault-block public-DraftStyleDefault-ltr\"><\/div>\n<\/div>\n<\/div>\n<div class=\"public-DraftStyleDefault-block public-DraftStyleDefault-ltr\"><\/div>\n<div class=\"public-DraftStyleDefault-block public-DraftStyleDefault-ltr\"><\/div>\n<div class=\"public-DraftStyleDefault-block public-DraftStyleDefault-ltr\">\u00a0 \u00a0 \u00a0 \u00a0 \u00a0 \u00a0 \u00a0 \u00a0 \u00a0 \u00a0 \u00a0 \u00a0 \u00a0\u00a0<img decoding=\"async\" class=\"alignnone size-medium wp-image-9366\" src=\"https:\/\/portal.fgeo.gob.mx\/wp-content\/uploads\/2025\/06\/BOLET%C3%8DN-1556.-IMAGEN-3-300x200.jpeg\" alt=\"\" width=\"300\" height=\"200\" \/>\u00a0 \u00a0 \u00a0 \u00a0 \u00a0 \u00a0 \u00a0 \u00a0 \u00a0 \u00a0 \u00a0 \u00a0 \u00a0 \u00a0<img loading=\"lazy\" decoding=\"async\" class=\"alignnone  wp-image-9367\" src=\"https:\/\/portal.fgeo.gob.mx\/wp-content\/uploads\/2025\/06\/BOLET%C3%8DN-1556.-IMAGEN-4-300x226.jpg\" alt=\"\" width=\"269\" height=\"203\" \/><\/div>\n<div class=\"public-DraftStyleDefault-block public-DraftStyleDefault-ltr\"><\/div>\n<div class=\"public-DraftStyleDefault-block public-DraftStyleDefault-ltr\"><\/div>\n<div class=\"public-DraftStyleDefault-block public-DraftStyleDefault-ltr\"><\/div>\n<div class=\"public-DraftStyleDefault-block public-DraftStyleDefault-ltr\"><\/div>\n","protected":false},"author":2,"featured_media":0,"comment_status":"closed","ping_status":"closed","template":"","tags":[],"categoria_noticias":[],"class_list":["post-16844","noticias","type-noticias","status-publish","hentry"],"acf":[],"mb":[],"mfb_rest_fields":["title","gutenberg_elementor_mode"],"_links":{"self":[{"href":"https:\/\/portal.fgeo.gob.mx\/index.php\/wp-json\/wp\/v2\/noticias\/16844","targetHints":{"allow":["GET"]}}],"collection":[{"href":"https:\/\/portal.fgeo.gob.mx\/index.php\/wp-json\/wp\/v2\/noticias"}],"about":[{"href":"https:\/\/portal.fgeo.gob.mx\/index.php\/wp-json\/wp\/v2\/types\/noticias"}],"author":[{"embeddable":true,"href":"https:\/\/portal.fgeo.gob.mx\/index.php\/wp-json\/wp\/v2\/users\/2"}],"replies":[{"embeddable":true,"href":"https:\/\/portal.fgeo.gob.mx\/index.php\/wp-json\/wp\/v2\/comments?post=16844"}],"wp:attachment":[{"href":"https:\/\/portal.fgeo.gob.mx\/index.php\/wp-json\/wp\/v2\/media?parent=16844"}],"wp:term":[{"taxonomy":"post_tag","embeddable":true,"href":"https:\/\/portal.fgeo.gob.mx\/index.php\/wp-json\/wp\/v2\/tags?post=16844"},{"taxonomy":"categoria_noticias","embeddable":true,"href":"https:\/\/portal.fgeo.gob.mx\/index.php\/wp-json\/wp\/v2\/categoria_noticias?post=16844"}],"curies":[{"name":"wp","href":"https:\/\/api.w.org\/{rel}","templated":true}]}}