{"id":16840,"date":"2025-06-23T12:41:11","date_gmt":"2025-06-23T18:41:11","guid":{"rendered":"https:\/\/fge.oaxaca.gob.mx\/?post_type=noticias&amp;p=9347"},"modified":"2025-06-23T12:41:11","modified_gmt":"2025-06-23T18:41:11","slug":"boletin-1551-fiscalia-de-oaxaca-ejecuta-orden-de-aprehension-y-detiene-a-una-persona-que-indujo-al-suicidio-de-una-adolescente-en-la-region-de-la-cuenca","status":"publish","type":"noticias","link":"https:\/\/portal.fgeo.gob.mx\/index.php\/archivos\/noticias\/boletin-1551-fiscalia-de-oaxaca-ejecuta-orden-de-aprehension-y-detiene-a-una-persona-que-indujo-al-suicidio-de-una-adolescente-en-la-region-de-la-cuenca","title":{"rendered":"BOLET\u00cdN 1551.- Fiscal\u00eda de Oaxaca ejecuta orden de aprehensi\u00f3n y detiene a una persona que indujo al suicidio de una adolescente en la regi\u00f3n de la Cuenca"},"content":{"rendered":"<p style=\"font-weight: 400\"><strong>Oaxaca de Ju\u00e1rez, Oax. 23 de junio de 2025<\/strong>.- La Fiscal\u00eda General del Estado de Oaxaca (FGEO) ejecut\u00f3 una orden de aprehensi\u00f3n que permiti\u00f3 la detenci\u00f3n de una mujer identificada como I.J.M., por el delito de Homicidio por Inducci\u00f3n cometido en la regi\u00f3n de la Cuenca del Papaloapan.<\/p>\n<p style=\"font-weight: 400\">De acuerdo con el expediente penal, los hechos ocurrieron la tarde del 01 de marzo de 2012, cuando la v\u00edctima -una estudiante de 17 a\u00f1os de edad, cuya identidad est\u00e1 reservada por ley-, fue encontrada sin vida en el interior de un domicilio ubicado en la agencia municipal Montenegro, perteneciente al municipio de Santiago Jocotepec en el distrito de Cho\u00e1pam.<\/p>\n<p style=\"font-weight: 400\">La investigaci\u00f3n detalla que, la estudiante que cursaba el sexto semestre de Bachillerato, fue sometida a violencia psicoemocional y f\u00edsica que deriv\u00f3 en suicidio, hechos inducidos por otra mujer.<\/p>\n<p style=\"font-weight: 400\">Tras tomar conocimiento del caso, la FGEO -a trav\u00e9s de la Vicefiscal\u00eda Regional de la Cuenca- inici\u00f3 las investigaciones con perspectiva de g\u00e9nero para deslindar responsabilidades, indagatorias que, posteriormente permitieron obtener una orden de aprehensi\u00f3n en contra de I.J.M., familiar de la v\u00edctima.<\/p>\n<p style=\"font-weight: 400\">Una vez detenida por elementos de la Agencia Estatal de Investigaciones (AEI) fue puesta a disposici\u00f3n de la autoridad que los requiri\u00f3 para determinar su situaci\u00f3n jur\u00eddica.<\/p>\n<p style=\"font-weight: 400\">La Fiscal\u00eda General garantiza investigaciones exhaustivas para esclarecer delitos, aplicando todo el rigor de la Ley a quien o quienes resulten responsables.<\/p>\n<p style=\"font-weight: 400\"><img fetchpriority=\"high\" decoding=\"async\" class=\"alignnone size-medium wp-image-9348\" src=\"https:\/\/portal.fgeo.gob.mx\/wp-content\/uploads\/2025\/06\/BOLET%C3%8DN-1551.-Fiscal%C3%ADa-de-Oaxaca-ejecuta-orden-de-aprehensi%C3%B3n-y-detiene-a-una-persona-que-indujo-al-suicidio-de-una-adolescente-en-la-regi%C3%B3n-de-la-Cuenca_page-0001-232x300.jpg\" alt=\"\" width=\"232\" height=\"300\" \/> <img decoding=\"async\" class=\"alignnone size-medium wp-image-9349\" src=\"https:\/\/portal.fgeo.gob.mx\/wp-content\/uploads\/2025\/06\/BOLET%C3%8DN-1551.-Fiscal%C3%ADa-de-Oaxaca-ejecuta-orden-de-aprehensi%C3%B3n-y-detiene-a-una-persona-que-indujo-al-suicidio-de-una-adolescente-en-la-regi%C3%B3n-de-la-Cuenca-226x300.jpeg\" alt=\"\" width=\"226\" height=\"300\" \/><\/p>\n","protected":false},"author":2,"featured_media":9313,"comment_status":"closed","ping_status":"closed","template":"","tags":[],"categoria_noticias":[],"class_list":["post-16840","noticias","type-noticias","status-publish","has-post-thumbnail","hentry"],"acf":[],"mb":[],"mfb_rest_fields":["title","gutenberg_elementor_mode"],"_links":{"self":[{"href":"https:\/\/portal.fgeo.gob.mx\/index.php\/wp-json\/wp\/v2\/noticias\/16840","targetHints":{"allow":["GET"]}}],"collection":[{"href":"https:\/\/portal.fgeo.gob.mx\/index.php\/wp-json\/wp\/v2\/noticias"}],"about":[{"href":"https:\/\/portal.fgeo.gob.mx\/index.php\/wp-json\/wp\/v2\/types\/noticias"}],"author":[{"embeddable":true,"href":"https:\/\/portal.fgeo.gob.mx\/index.php\/wp-json\/wp\/v2\/users\/2"}],"replies":[{"embeddable":true,"href":"https:\/\/portal.fgeo.gob.mx\/index.php\/wp-json\/wp\/v2\/comments?post=16840"}],"wp:featuredmedia":[{"embeddable":true,"href":"https:\/\/portal.fgeo.gob.mx\/index.php\/wp-json\/"}],"wp:attachment":[{"href":"https:\/\/portal.fgeo.gob.mx\/index.php\/wp-json\/wp\/v2\/media?parent=16840"}],"wp:term":[{"taxonomy":"post_tag","embeddable":true,"href":"https:\/\/portal.fgeo.gob.mx\/index.php\/wp-json\/wp\/v2\/tags?post=16840"},{"taxonomy":"categoria_noticias","embeddable":true,"href":"https:\/\/portal.fgeo.gob.mx\/index.php\/wp-json\/wp\/v2\/categoria_noticias?post=16840"}],"curies":[{"name":"wp","href":"https:\/\/api.w.org\/{rel}","templated":true}]}}