{"id":16837,"date":"2025-06-20T12:22:22","date_gmt":"2025-06-20T18:22:22","guid":{"rendered":"https:\/\/fge.oaxaca.gob.mx\/?post_type=noticias&amp;p=9314"},"modified":"2025-06-20T12:22:22","modified_gmt":"2025-06-20T18:22:22","slug":"boletin-1548-obtiene-fgeo-prision-preventiva-y-solicita-vinculacion-a-proceso-contra-imputado-por-abuso-sexual-agravado-cometido-en-santa-lucia-del-camino","status":"publish","type":"noticias","link":"https:\/\/portal.fgeo.gob.mx\/index.php\/archivos\/noticias\/boletin-1548-obtiene-fgeo-prision-preventiva-y-solicita-vinculacion-a-proceso-contra-imputado-por-abuso-sexual-agravado-cometido-en-santa-lucia-del-camino","title":{"rendered":"BOLET\u00cdN 1,548.- Obtiene FGEO prisi\u00f3n preventiva y solicita vinculaci\u00f3n a proceso contra imputado por abuso sexual agravado, cometido en Santa Luc\u00eda del Camino"},"content":{"rendered":"<p><strong>Oaxaca de Ju\u00e1rez, Oax.\u00a0 20 de junio de 2025.-<\/strong> Como parte de las acciones de procuraci\u00f3n de justicia con perspectiva de g\u00e9nero, la Fiscal\u00eda General del Estado de Oaxaca (FGEO) dio cumplimiento a una orden de aprehensi\u00f3n en contra de persona del sexo masculino identificado como F.N.O.A., imputado por el delito de abuso sexual en agravio de una familiar, hechos ocurridos en la regi\u00f3n de los Valles Centrales.<\/p>\n<p>&nbsp;<\/p>\n<p>Conforme al expediente penal del caso, los hechos ocurrieron entre los d\u00edas 17, 18 y 19 de enero de 2025, cuando la v\u00edctima -una mujer, cuya identidad est\u00e1 reservada por ley- se encontraba en el interior de un domicilio habilitado como restaurante ubicado en la calle Narciso Mendoza del municipio de Santa Luc\u00eda del Camino, lugar donde el agresor que result\u00f3 la atac\u00f3 de manera sexual.<\/p>\n<p>&nbsp;<\/p>\n<p>Ante estos hechos, y tras la denuncia interpuesta, la Fiscal\u00eda de Oaxaca inici\u00f3 las investigaciones correspondientes a trav\u00e9s de la Fiscal\u00eda Especializada en Atenci\u00f3n a Delitos Contra las Mujeres, lo que permiti\u00f3 obtener una orden de aprehensi\u00f3n y posteriormente elementos de la Agencia Estatal de Investigaciones (AEI) realizaron la detenci\u00f3n de F.N.O.A., quien fue llevado ante el juez de control quien le realiz\u00f3 la formulaci\u00f3n de imputaci\u00f3n por el delito de abuso sexual agravado.<\/p>\n<p>&nbsp;<\/p>\n<p><img fetchpriority=\"high\" decoding=\"async\" class=\" wp-image-9315 aligncenter\" src=\"https:\/\/portal.fgeo.gob.mx\/wp-content\/uploads\/2025\/06\/IMAGEN-BOLET%C3%8DN-1548-300x197.png\" alt=\"\" width=\"384\" height=\"252\" \/><\/p>\n<p>&nbsp;<\/p>\n<p>En tanto, la Fiscal\u00eda de Oaxaca hizo la solicitud de la vinculaci\u00f3n a proceso, logrando obtener la medida cautelar de prisi\u00f3n preventiva justificada a espera de la siguiente audiencia.<\/p>\n<p>&nbsp;<\/p>\n<p>La Fiscal\u00eda General del Estado de Oaxaca refrenda su compromiso de brindar una atenci\u00f3n integral a las v\u00edctimas, especialmente cuando se trata de delitos cometidos en contra de ni\u00f1as, ni\u00f1os, adolescentes y mujeres a efecto de garantizar el derecho a una vida libre de violencia.<\/p>\n<p>&nbsp;<\/p>\n","protected":false},"author":2,"featured_media":9313,"comment_status":"closed","ping_status":"closed","template":"","tags":[],"categoria_noticias":[],"class_list":["post-16837","noticias","type-noticias","status-publish","has-post-thumbnail","hentry"],"acf":[],"mb":[],"mfb_rest_fields":["title","gutenberg_elementor_mode"],"_links":{"self":[{"href":"https:\/\/portal.fgeo.gob.mx\/index.php\/wp-json\/wp\/v2\/noticias\/16837","targetHints":{"allow":["GET"]}}],"collection":[{"href":"https:\/\/portal.fgeo.gob.mx\/index.php\/wp-json\/wp\/v2\/noticias"}],"about":[{"href":"https:\/\/portal.fgeo.gob.mx\/index.php\/wp-json\/wp\/v2\/types\/noticias"}],"author":[{"embeddable":true,"href":"https:\/\/portal.fgeo.gob.mx\/index.php\/wp-json\/wp\/v2\/users\/2"}],"replies":[{"embeddable":true,"href":"https:\/\/portal.fgeo.gob.mx\/index.php\/wp-json\/wp\/v2\/comments?post=16837"}],"wp:featuredmedia":[{"embeddable":true,"href":"https:\/\/portal.fgeo.gob.mx\/index.php\/wp-json\/"}],"wp:attachment":[{"href":"https:\/\/portal.fgeo.gob.mx\/index.php\/wp-json\/wp\/v2\/media?parent=16837"}],"wp:term":[{"taxonomy":"post_tag","embeddable":true,"href":"https:\/\/portal.fgeo.gob.mx\/index.php\/wp-json\/wp\/v2\/tags?post=16837"},{"taxonomy":"categoria_noticias","embeddable":true,"href":"https:\/\/portal.fgeo.gob.mx\/index.php\/wp-json\/wp\/v2\/categoria_noticias?post=16837"}],"curies":[{"name":"wp","href":"https:\/\/api.w.org\/{rel}","templated":true}]}}