{"id":16836,"date":"2025-06-20T10:13:01","date_gmt":"2025-06-20T16:13:01","guid":{"rendered":"https:\/\/fge.oaxaca.gob.mx\/?post_type=noticias&amp;p=9312"},"modified":"2025-06-20T10:13:01","modified_gmt":"2025-06-20T16:13:01","slug":"bboletin-1547-fiscalia-de-oaxaca-detiene-a-lider-de-banda-por-secuestro-agravado-cometido-en-el-istmo-de-tehuantepec","status":"publish","type":"noticias","link":"https:\/\/portal.fgeo.gob.mx\/index.php\/archivos\/noticias\/bboletin-1547-fiscalia-de-oaxaca-detiene-a-lider-de-banda-por-secuestro-agravado-cometido-en-el-istmo-de-tehuantepec","title":{"rendered":"BBOLET\u00cdN 1547.- Fiscal\u00eda de Oaxaca detiene a l\u00edder de banda por secuestro agravado cometido en el Istmo de Tehuantepec"},"content":{"rendered":"<p style=\"font-weight: 400\"><strong>\u00a0<\/strong><\/p>\n<ul>\n<li style=\"font-weight: 400\"><em>Es la tercera persona detenida por la comisi\u00f3n de este delito<\/em><\/li>\n<\/ul>\n<p style=\"font-weight: 400\"><strong>Oaxaca de Ju\u00e1rez, Oax., 20 de junio de 2025<\/strong>.-\u00a0Resultado las investigaciones ministeriales, la Fiscal\u00eda General del Estado de Oaxaca (FGEO) ejecut\u00f3 una orden de aprehensi\u00f3n en contra de una persona del sexo masculino identificado como J.A.H.G. por el delito de secuestro agravado, hechos ocurridos en el Istmo de Tehuantepec.<\/p>\n<p style=\"font-weight: 400\">De acuerdo con el expediente penal, los hechos ocurrieron el 18 de julio de 2023, cuando la v\u00edctima se encontraba en calles de la colonia Cinco de Diciembre, en el puerto de Salina Cruz, cuando dos sujetos y una mujer quienes lo privaron ilegalmente de la libertad para posteriormente llamar a sus familiares a quienes les pidieron dinero en efectivo para liberar a la v\u00edctima.<\/p>\n<p style=\"font-weight: 400\">Tras recibir la denuncia se implement\u00f3 un operativo a trav\u00e9s la Fiscal\u00eda Especializada en Delitos de Alto Impacto y la Unidad Especializada en Combate al Secuestro (UECS), que permiti\u00f3 el 05 de agosto de 2023 la detenci\u00f3n de dos personas, una del sexo masculino identificado como C.E.O.\u00a0 y otra del sexo femenino identificada como H.S.L.S., quienes fueron presentadas ante la autoridad correspondiente para que se determinara su situaci\u00f3n jur\u00eddica.<\/p>\n<p style=\"font-weight: 400\">La Fiscal\u00eda de Oaxaca lleva a cabo las labores de investigaci\u00f3n e inteligencia criminal, lo que deriv\u00f3 en la obtenci\u00f3n y ejecuci\u00f3n de una orden de aprehensi\u00f3n en contra de\u00a0 J.A.H.G., por el delito de secuestro agravado, quien fue puesto a disposici\u00f3n de la autoridad correspondiente para que se determine su situaci\u00f3n jur\u00eddica.<\/p>\n<p style=\"font-weight: 400\">La investigaci\u00f3n\u00a0 de delitos de alto impacto que realiza la Fiscal\u00eda de Oaxaca, se realiza a trav\u00e9s de m\u00e9todos t\u00e9cnicos y cient\u00edficos que se ci\u00f1e a protocolos legales que permiten obtener resultados concretos y tangibles a favor de las v\u00edctimas directas e indirectas de estos delitos.<\/p>\n<p style=\"font-weight: 400\"><img decoding=\"async\" class=\"alignnone size-full wp-image-9306\" src=\"https:\/\/portal.fgeo.gob.mx\/wp-content\/uploads\/2025\/06\/BOLET%C3%8DN-1547.-Fiscal%C3%ADa-de-Oaxaca-detiene-a-l%C3%ADder-de-banda-por-secuestro-agravado-cometido-en-el-Istmo-de-Tehuantepec1.jpeg\" alt=\"\" width=\"173\" height=\"267\" \/><\/p>\n","protected":false},"author":2,"featured_media":9313,"comment_status":"closed","ping_status":"closed","template":"","tags":[],"categoria_noticias":[],"class_list":["post-16836","noticias","type-noticias","status-publish","has-post-thumbnail","hentry"],"acf":[],"mb":[],"mfb_rest_fields":["title","gutenberg_elementor_mode"],"_links":{"self":[{"href":"https:\/\/portal.fgeo.gob.mx\/index.php\/wp-json\/wp\/v2\/noticias\/16836","targetHints":{"allow":["GET"]}}],"collection":[{"href":"https:\/\/portal.fgeo.gob.mx\/index.php\/wp-json\/wp\/v2\/noticias"}],"about":[{"href":"https:\/\/portal.fgeo.gob.mx\/index.php\/wp-json\/wp\/v2\/types\/noticias"}],"author":[{"embeddable":true,"href":"https:\/\/portal.fgeo.gob.mx\/index.php\/wp-json\/wp\/v2\/users\/2"}],"replies":[{"embeddable":true,"href":"https:\/\/portal.fgeo.gob.mx\/index.php\/wp-json\/wp\/v2\/comments?post=16836"}],"wp:featuredmedia":[{"embeddable":true,"href":"https:\/\/portal.fgeo.gob.mx\/index.php\/wp-json\/"}],"wp:attachment":[{"href":"https:\/\/portal.fgeo.gob.mx\/index.php\/wp-json\/wp\/v2\/media?parent=16836"}],"wp:term":[{"taxonomy":"post_tag","embeddable":true,"href":"https:\/\/portal.fgeo.gob.mx\/index.php\/wp-json\/wp\/v2\/tags?post=16836"},{"taxonomy":"categoria_noticias","embeddable":true,"href":"https:\/\/portal.fgeo.gob.mx\/index.php\/wp-json\/wp\/v2\/categoria_noticias?post=16836"}],"curies":[{"name":"wp","href":"https:\/\/api.w.org\/{rel}","templated":true}]}}