{"id":16835,"date":"2025-06-20T10:10:17","date_gmt":"2025-06-20T16:10:17","guid":{"rendered":"https:\/\/fge.oaxaca.gob.mx\/?post_type=noticias&amp;p=9308"},"modified":"2025-06-20T10:10:17","modified_gmt":"2025-06-20T16:10:17","slug":"1546-trabajos-de-inteligencia-criminal-de-operacion-sable-permitieron-detener-a-62-objetivos-prioritarios-y-generadores-de-violencia-en-el-istmo-de-tehuantepec","status":"publish","type":"noticias","link":"https:\/\/portal.fgeo.gob.mx\/index.php\/archivos\/noticias\/1546-trabajos-de-inteligencia-criminal-de-operacion-sable-permitieron-detener-a-62-objetivos-prioritarios-y-generadores-de-violencia-en-el-istmo-de-tehuantepec","title":{"rendered":"1546.- Trabajos de inteligencia criminal de Operaci\u00f3n Sable permitieron detener a 62 objetivos prioritarios y generadores de violencia en el Istmo de Tehuantepec"},"content":{"rendered":"<p style=\"font-weight: 400\"><strong>Oaxaca de Ju\u00e1rez, Oax. 19 de junio de 2025<\/strong>.- Durante la Conferencia del Gabinete de Seguridad, el Fiscal General del Estado de Oaxaca, Bernardo Rodr\u00edguez Alamilla, resalt\u00f3 gracias a los trabajos de inteligencia criminal implementados a trav\u00e9s de la \u201cOperaci\u00f3n Sable\u201d se ha logrado la detenci\u00f3n de 62 personas consideradas como objetivos prioritarios y generadores de violencia en la regi\u00f3n del Istmo de Tehuantepec, que incluye a quienes incendiaron dos tiendas OXXO en Juchit\u00e1n de Zaragoza,\u00a0 aprehensiones que se han concretado sin necesidad de realizar un solo disparo.<\/p>\n<p style=\"font-weight: 400\">Acompa\u00f1ado por el secretario de Gobierno, Jes\u00fas Romero L\u00f3pez y el subsecretario de Prevenci\u00f3n y Reinserci\u00f3n Social, Roberto Claudio Castillo Ram\u00edrez; el Fiscal General, Bernardo Rodr\u00edguez Alamilla puntualiz\u00f3 que la detenci\u00f3n de las cuatro personas relacionadas con los incendios a tiendas de conveniencia fueron resultado del trabajo coordinado que se realiza a trav\u00e9s de la Operaci\u00f3n Sable en la que participan dependencias estatales y federales.<\/p>\n<p style=\"font-weight: 400\">Y detall\u00f3 que, a trav\u00e9s de trabajos de inteligencia criminal se pudo determinar que los incendios de tiendas de conveniencia junto con eventos de extorsi\u00f3n que se presentaron en la zona de Juchit\u00e1n de Zaragoza est\u00e1n relacionados pues, fueron reacciones de esta c\u00e9lula delictiva a la detenci\u00f3n de sus integrantes.<\/p>\n<p style=\"font-weight: 400\">Asimismo, el titular de la Fiscal\u00eda de Oaxaca, Bernardo Rodr\u00edguez Alamilla reiter\u00f3 que los tres niveles de gobierno est\u00e1n comprometidos con una atenci\u00f3n efectiva, por ello, el proceso de intervenci\u00f3n en la regi\u00f3n del Istmo ser\u00e1 integral, es decir, desde las corporaciones de seguridad y procuraci\u00f3n de justicia se realizan acciones correctivas acompa\u00f1adas de estrategias de reconstrucci\u00f3n del tejido social.<\/p>\n<p style=\"font-weight: 400\">Y explic\u00f3 que cuando en una zona espec\u00edfica se presentan alto niveles de violencia o reacciones virulentas de grupos criminales, es necesario entender que estos hechos tienen origen en largos procesos de desarticulaci\u00f3n del tejido social y debilitamiento del estado de derecho en procesos de seguridad y procuraci\u00f3n de justicia, por ello, el enfoque de atenci\u00f3n tiene que ser integral e interinstitucional para atender las causas.<\/p>\n<p style=\"font-weight: 400\">El Fiscal Bernardo Rodr\u00edguez revel\u00f3 que, por ello en la regi\u00f3n del Istmo, espec\u00edficamente en Juchit\u00e1n de Zaragoza, se est\u00e1n generando procesos que ayuden a reconstruir el tejido social, adem\u00e1s que existe una estrategia que deriva en acciones interinstitucionales articuladas e integrales.<\/p>\n<p style=\"font-weight: 400\">La Operaci\u00f3n Sable tiene como objetivo el combate al fen\u00f3meno delictivo en la regi\u00f3n del Istmo de Tehuantepec, y trabaja conjuntamente la Fiscal\u00eda General del Estado de Oaxaca, Defensa Nacional (DEFENSA), la Secretar\u00eda de Marina, la Guardia Nacional (GN) y Secretar\u00eda de Seguridad P\u00fablica Federal y Protecci\u00f3n Ciudadana y Polic\u00eda Estatal.<\/p>\n<p style=\"font-weight: 400\"><img fetchpriority=\"high\" decoding=\"async\" class=\"alignnone size-medium wp-image-9309\" src=\"https:\/\/portal.fgeo.gob.mx\/wp-content\/uploads\/2025\/06\/BOLET%C3%8DN-1546.-Trabajos-de-inteligencia-criminal-de-Operaci%C3%B3n-Sable-permitieron-detener-a-62-objetivos-prioritarios-y-generadores-de-violencia-en-el-Istmo-de-Tehuantepec3-300x200.jpeg\" alt=\"\" width=\"300\" height=\"200\" \/> <img decoding=\"async\" class=\"alignnone size-medium wp-image-9310\" src=\"https:\/\/portal.fgeo.gob.mx\/wp-content\/uploads\/2025\/06\/BOLET%C3%8DN-1546.-Trabajos-de-inteligencia-criminal-de-Operaci%C3%B3n-Sable-permitieron-detener-a-62-objetivos-prioritarios-y-generadores-de-violencia-en-el-Istmo-de-Tehuantepec2-300x200.jpeg\" alt=\"\" width=\"300\" height=\"200\" \/> <img decoding=\"async\" class=\"alignnone size-medium wp-image-9311\" src=\"https:\/\/portal.fgeo.gob.mx\/wp-content\/uploads\/2025\/06\/BOLET%C3%8DN-1546.-Trabajos-de-inteligencia-criminal-de-Operaci%C3%B3n-Sable-permitieron-detener-a-62-objetivos-prioritarios-y-generadores-de-violencia-en-el-Istmo-de-Tehuantepec-1-300x200.jpeg\" alt=\"\" width=\"300\" height=\"200\" \/><\/p>\n<p style=\"font-weight: 400\">\n","protected":false},"author":2,"featured_media":9255,"comment_status":"closed","ping_status":"closed","template":"","tags":[],"categoria_noticias":[],"class_list":["post-16835","noticias","type-noticias","status-publish","has-post-thumbnail","hentry"],"acf":[],"mb":[],"mfb_rest_fields":["title","gutenberg_elementor_mode"],"_links":{"self":[{"href":"https:\/\/portal.fgeo.gob.mx\/index.php\/wp-json\/wp\/v2\/noticias\/16835","targetHints":{"allow":["GET"]}}],"collection":[{"href":"https:\/\/portal.fgeo.gob.mx\/index.php\/wp-json\/wp\/v2\/noticias"}],"about":[{"href":"https:\/\/portal.fgeo.gob.mx\/index.php\/wp-json\/wp\/v2\/types\/noticias"}],"author":[{"embeddable":true,"href":"https:\/\/portal.fgeo.gob.mx\/index.php\/wp-json\/wp\/v2\/users\/2"}],"replies":[{"embeddable":true,"href":"https:\/\/portal.fgeo.gob.mx\/index.php\/wp-json\/wp\/v2\/comments?post=16835"}],"wp:featuredmedia":[{"embeddable":true,"href":"https:\/\/portal.fgeo.gob.mx\/index.php\/wp-json\/"}],"wp:attachment":[{"href":"https:\/\/portal.fgeo.gob.mx\/index.php\/wp-json\/wp\/v2\/media?parent=16835"}],"wp:term":[{"taxonomy":"post_tag","embeddable":true,"href":"https:\/\/portal.fgeo.gob.mx\/index.php\/wp-json\/wp\/v2\/tags?post=16835"},{"taxonomy":"categoria_noticias","embeddable":true,"href":"https:\/\/portal.fgeo.gob.mx\/index.php\/wp-json\/wp\/v2\/categoria_noticias?post=16835"}],"curies":[{"name":"wp","href":"https:\/\/api.w.org\/{rel}","templated":true}]}}