{"id":16831,"date":"2025-06-18T10:26:20","date_gmt":"2025-06-18T16:26:20","guid":{"rendered":"https:\/\/fge.oaxaca.gob.mx\/?post_type=noticias&amp;p=9283"},"modified":"2025-06-18T10:26:20","modified_gmt":"2025-06-18T16:26:20","slug":"boletin-1541-fiscalia-de-oaxaca-logra-vinculacion-a-proceso-y-prision-contra-imputado-por-trata-senalado-de-pagar-para-sostener-una-relacion-con-un-adolescente","status":"publish","type":"noticias","link":"https:\/\/portal.fgeo.gob.mx\/index.php\/archivos\/noticias\/boletin-1541-fiscalia-de-oaxaca-logra-vinculacion-a-proceso-y-prision-contra-imputado-por-trata-senalado-de-pagar-para-sostener-una-relacion-con-un-adolescente","title":{"rendered":"BOLET\u00cdN 1,541.- Fiscal\u00eda de Oaxaca logra vinculaci\u00f3n a proceso y prisi\u00f3n contra imputado por trata, se\u00f1alado de pagar para sostener una relaci\u00f3n con un adolescente"},"content":{"rendered":"<p><strong>\u00a0<\/strong><\/p>\n<p>* La v\u00edctima estuvo cautiva durante tres a\u00f1os hasta que logr\u00f3 escapar y denunci\u00f3 los hechos<\/p>\n<p>&nbsp;<\/p>\n<p><strong>Oaxaca de Ju\u00e1rez, Oax.\u00a0 18 de junio de 2025.-<\/strong> Como resultado del trabajo de investigaci\u00f3n ministerial con perspectiva de g\u00e9nero, infancia y adolescencia, la Fiscal\u00eda General del Estado de Oaxaca obtuvo la vinculaci\u00f3n a proceso de una persona del sexo masculino identificada como R.D.L., por el delito de trata de personas en su modalidad de trabajo o servicios forzados en agravi\u00f3 de una adolescente, hechos ocurridos en Santa Catalina Mixtepec.<\/p>\n<p>&nbsp;<\/p>\n<p>De acuerdo con la carpeta de investigaci\u00f3n, los hechos ocurrieron en Santa Catalina Mixtepec, perteneciente al municipio de Magdalena Mixtepec, cuando el padre de la v\u00edctima \u2013una adolescente de 13 a\u00f1os de edad, cuya identidad est\u00e1 reservada por ley- accedi\u00f3 a entregar a su hija a una persona del sexo masculino a cambio de dinero para que viviera en una relaci\u00f3n de pareja con un hombre adulto.<\/p>\n<p>&nbsp;<\/p>\n<p>El expediente penal precisa que el 18 de diciembre de 2021, el imputado se llev\u00f3 a la adolescente a vivir con R.D.L. en concubinato en un domicilio ubicado en el municipio de San Pedro Ixtlahuaca, sin embargo, el 28 de abril de 2024, la victima logr\u00f3 escapar.<\/p>\n<p>&nbsp;<\/p>\n<p>Luego de escapar, denunci\u00f3 que sufri\u00f3 violencia f\u00edsica, sexual, psicoemocional, y tambi\u00e9n era obligada a trabajar sin remuneraci\u00f3n, adem\u00e1s de ser amenazada de muerte.<\/p>\n<p>&nbsp;<\/p>\n<p>Tras tener conocimiento de estos hechos, la FGEO -a trav\u00e9s de la Fiscal\u00eda Especializada para la Atenci\u00f3n a Delitos de Alto Impacto- realiz\u00f3 las investigaciones correspondientes, lo que permiti\u00f3 la detenci\u00f3n legal de R.L.D., quien fue puesto a disposici\u00f3n de las autoridades correspondientes.<\/p>\n<p>&nbsp;<\/p>\n<p><img fetchpriority=\"high\" decoding=\"async\" class=\"size-medium wp-image-9284 aligncenter\" src=\"https:\/\/portal.fgeo.gob.mx\/wp-content\/uploads\/2025\/06\/IMAGEN-BOLET%C3%8DN-1541-300x247.png\" alt=\"\" width=\"300\" height=\"247\" \/><\/p>\n<p>&nbsp;<\/p>\n<p>A partir de los datos de prueba presentados por la Fiscal\u00eda de Oaxaca, el Juez de la causa determin\u00f3 vincular a proceso a R.L.D.\u00a0 por el delito de trata de personas en su modalidad de trabajo o servicios forzados en agravi\u00f3 de una adolescente y otorg\u00f3 un plazo de cuatro meses para el cierre de la investigaci\u00f3n complementaria.<\/p>\n<p>&nbsp;<\/p>\n<p>Con acciones firmes y sensibles, la Fiscal\u00eda de Oaxaca fortalece su labor con responsabilidad, trabajando constantemente en una procuraci\u00f3n de justicia \u00e1gil y humana, enfocada en proteger los derechos y la integridad de ni\u00f1as, ni\u00f1os y adolescentes para que vivan en un entorno libre de violencia.<\/p>\n","protected":false},"author":2,"featured_media":9255,"comment_status":"closed","ping_status":"closed","template":"","tags":[],"categoria_noticias":[],"class_list":["post-16831","noticias","type-noticias","status-publish","has-post-thumbnail","hentry"],"acf":[],"mb":[],"mfb_rest_fields":["title","gutenberg_elementor_mode"],"_links":{"self":[{"href":"https:\/\/portal.fgeo.gob.mx\/index.php\/wp-json\/wp\/v2\/noticias\/16831","targetHints":{"allow":["GET"]}}],"collection":[{"href":"https:\/\/portal.fgeo.gob.mx\/index.php\/wp-json\/wp\/v2\/noticias"}],"about":[{"href":"https:\/\/portal.fgeo.gob.mx\/index.php\/wp-json\/wp\/v2\/types\/noticias"}],"author":[{"embeddable":true,"href":"https:\/\/portal.fgeo.gob.mx\/index.php\/wp-json\/wp\/v2\/users\/2"}],"replies":[{"embeddable":true,"href":"https:\/\/portal.fgeo.gob.mx\/index.php\/wp-json\/wp\/v2\/comments?post=16831"}],"wp:featuredmedia":[{"embeddable":true,"href":"https:\/\/portal.fgeo.gob.mx\/index.php\/wp-json\/"}],"wp:attachment":[{"href":"https:\/\/portal.fgeo.gob.mx\/index.php\/wp-json\/wp\/v2\/media?parent=16831"}],"wp:term":[{"taxonomy":"post_tag","embeddable":true,"href":"https:\/\/portal.fgeo.gob.mx\/index.php\/wp-json\/wp\/v2\/tags?post=16831"},{"taxonomy":"categoria_noticias","embeddable":true,"href":"https:\/\/portal.fgeo.gob.mx\/index.php\/wp-json\/wp\/v2\/categoria_noticias?post=16831"}],"curies":[{"name":"wp","href":"https:\/\/api.w.org\/{rel}","templated":true}]}}