{"id":16826,"date":"2025-06-16T14:04:29","date_gmt":"2025-06-16T20:04:29","guid":{"rendered":"https:\/\/fge.oaxaca.gob.mx\/?post_type=noticias&amp;p=9263"},"modified":"2025-06-16T14:04:29","modified_gmt":"2025-06-16T20:04:29","slug":"boletin-1535-fiscalia-de-oaxaca-cuenta-con-cinco-probables-moviles-por-homicidio-de-presidenta-de-san-mateo-pinas-fiscal-bernardo-rodriguez-alamilla","status":"publish","type":"noticias","link":"https:\/\/portal.fgeo.gob.mx\/index.php\/archivos\/noticias\/boletin-1535-fiscalia-de-oaxaca-cuenta-con-cinco-probables-moviles-por-homicidio-de-presidenta-de-san-mateo-pinas-fiscal-bernardo-rodriguez-alamilla","title":{"rendered":"BOLET\u00cdN 1,535.- Fiscal\u00eda de Oaxaca cuenta con cinco probables m\u00f3viles por homicidio de presidenta de San Mateo Pi\u00f1as: Fiscal Bernardo Rodr\u00edguez Alamilla"},"content":{"rendered":"<p><strong>Oaxaca de Ju\u00e1rez, Oax.\u00a0 16 de junio de 2025.- \u201c<\/strong>La FGEO cuenta con cinco probables m\u00f3viles para definir las l\u00edneas de investigaci\u00f3n en torno al homicidio de la presidenta municipal de San Mateo Pi\u00f1as\u201d, se\u00f1al\u00f3 el Fiscal de Oaxaca, Bernardo Rodr\u00edguez Alamilla, adem\u00e1s resalt\u00f3 que se construye una investigaci\u00f3n con t\u00e9cnicas cient\u00edficas para garantizar un pleno acceso a la procuraci\u00f3n de justicia.<\/p>\n<p>&nbsp;<\/p>\n<p>Durante la conferencia de prensa encabezada por el Gobernador de Oaxaca, Salom\u00f3n Jara, el titular de la Fiscal\u00eda General del Estado de Oaxaca (FGEO), Bernardo Rodr\u00edguez Alamilla detall\u00f3 que el homicidio de la presidenta municipal sucedi\u00f3 domingo 15 de junio alrededor de las 11 de la ma\u00f1ana, cuando cinco personas a bordo de dos motos llegaron al Palacio Municipal de San Mateo Pi\u00f1as, en la Costa, quienes dispararon en contra de ella y otra persona con la que se encontraba.<\/p>\n<p>&nbsp;<\/p>\n<p>Rodr\u00edguez Alamilla puntualiz\u00f3 que la FGEO tiene bien definidos al menos cinco m\u00f3viles, con el objetivo de generar las l\u00edneas de investigaci\u00f3n s\u00f3lidas que permitan dar con quienes resulten responsables de este delito, entre lo que se indaga la denuncia que la presidenta municipal de San Mateo Pi\u00f1as present\u00f3 ante la Fiscal\u00eda General de la Rep\u00fablica (FGR) por probables malos manejos de recurso p\u00fablico en torno a los apoyos otorgados por la federaci\u00f3n por las afectaciones que dej\u00f3 el hurac\u00e1n Agatha.<\/p>\n<p><img fetchpriority=\"high\" decoding=\"async\" class=\"alignnone size-medium wp-image-9264\" src=\"https:\/\/portal.fgeo.gob.mx\/wp-content\/uploads\/2025\/06\/1535-1-300x200.jpeg\" alt=\"\" width=\"300\" height=\"200\" \/>\u00a0 \u00a0\u00a0 \u00a0 <img decoding=\"async\" class=\"alignnone size-medium wp-image-9265\" src=\"https:\/\/portal.fgeo.gob.mx\/wp-content\/uploads\/2025\/06\/1535-3-300x200.jpeg\" alt=\"\" width=\"300\" height=\"200\" \/><\/p>\n<p>&nbsp;<\/p>\n<p>Asimismo, resalt\u00f3 que esta investigaci\u00f3n tiene un enfoque integral que busca abarcar todo el contexto de las v\u00edctimas con el objetivo de esclarecer los hechos, por ello, revel\u00f3 que otros indicios que se siguen son respecto a la denuncia por robo de 120 mil pesos al municipio de San Mateo Pi\u00f1as, adem\u00e1s de una denuncia m\u00e1s por la falsificaci\u00f3n de su firma en documentos.<\/p>\n<p>&nbsp;<\/p>\n<p>El Fiscal Bernardo Rodr\u00edguez precis\u00f3 que otros indicios que se investigan est\u00e1n relacionados con una denuncia sobre el tr\u00e1nsito de madera en la regi\u00f3n, adem\u00e1s se investiga el aspecto pol\u00edtico y social del municipio, ya que el proceso de elecci\u00f3n fue complejo, pues hay grupos al interior que se disputaban el control de la comunidad.<\/p>\n<p>&nbsp;<\/p>\n<p><img decoding=\"async\" class=\"alignnone size-medium wp-image-9267\" src=\"https:\/\/portal.fgeo.gob.mx\/wp-content\/uploads\/2025\/06\/1535-4-300x242.jpeg\" alt=\"\" width=\"300\" height=\"242\" \/>\u00a0 \u00a0 \u00a0 \u00a0 \u00a0 \u00a0 \u00a0 \u00a0 \u00a0\u00a0\u00a0<img decoding=\"async\" class=\"alignnone size-medium wp-image-9267\" src=\"https:\/\/portal.fgeo.gob.mx\/wp-content\/uploads\/2025\/06\/1535-4-300x242.jpeg\" alt=\"\" width=\"300\" height=\"242\" \/><\/p>\n<p>&nbsp;<\/p>\n<p>Y detall\u00f3 que la presidenta municipal previamente no report\u00f3 ning\u00fan tipo de amenaza en su contra, adem\u00e1s explic\u00f3 que el municipio de San Mateo Pi\u00f1as no se encuentra entre los puntos rojos de incidencia delictiva, ni hay indicios que permitan advertir que existe una posible relaci\u00f3n con la delincuencia organizada, sin embargo, no se descarta ninguna l\u00ednea de investigaci\u00f3n.<\/p>\n<p>&nbsp;<\/p>\n<p>Por su parte el Gobernador del Estado Salom\u00f3n Jara lament\u00f3 el homicidio de la presidenta municipal, adem\u00e1s de afirmar que colaborar\u00e1n con la Fiscal\u00eda General del Estado de Oaxaca para que no haya impunidad y garantizar que las v\u00edctimas accedan plenamente a la justicia.<\/p>\n<p>&nbsp;<\/p>\n","protected":false},"author":2,"featured_media":0,"comment_status":"closed","ping_status":"closed","template":"","tags":[],"categoria_noticias":[],"class_list":["post-16826","noticias","type-noticias","status-publish","hentry"],"acf":[],"mb":[],"mfb_rest_fields":["title","gutenberg_elementor_mode"],"_links":{"self":[{"href":"https:\/\/portal.fgeo.gob.mx\/index.php\/wp-json\/wp\/v2\/noticias\/16826","targetHints":{"allow":["GET"]}}],"collection":[{"href":"https:\/\/portal.fgeo.gob.mx\/index.php\/wp-json\/wp\/v2\/noticias"}],"about":[{"href":"https:\/\/portal.fgeo.gob.mx\/index.php\/wp-json\/wp\/v2\/types\/noticias"}],"author":[{"embeddable":true,"href":"https:\/\/portal.fgeo.gob.mx\/index.php\/wp-json\/wp\/v2\/users\/2"}],"replies":[{"embeddable":true,"href":"https:\/\/portal.fgeo.gob.mx\/index.php\/wp-json\/wp\/v2\/comments?post=16826"}],"wp:attachment":[{"href":"https:\/\/portal.fgeo.gob.mx\/index.php\/wp-json\/wp\/v2\/media?parent=16826"}],"wp:term":[{"taxonomy":"post_tag","embeddable":true,"href":"https:\/\/portal.fgeo.gob.mx\/index.php\/wp-json\/wp\/v2\/tags?post=16826"},{"taxonomy":"categoria_noticias","embeddable":true,"href":"https:\/\/portal.fgeo.gob.mx\/index.php\/wp-json\/wp\/v2\/categoria_noticias?post=16826"}],"curies":[{"name":"wp","href":"https:\/\/api.w.org\/{rel}","templated":true}]}}