{"id":16825,"date":"2025-06-13T13:18:01","date_gmt":"2025-06-13T19:18:01","guid":{"rendered":"https:\/\/fge.oaxaca.gob.mx\/?post_type=noticias&amp;p=9254"},"modified":"2025-06-13T13:18:01","modified_gmt":"2025-06-13T19:18:01","slug":"boletin-1532-obtiene-fgeo-sentencia-de-12-anos-por-abuso-sexual-agravado-en-contra-de-dos-menores-de-edad-delito-cometido-en-escuela-primaria-de-la-villa-de-zaachila","status":"publish","type":"noticias","link":"https:\/\/portal.fgeo.gob.mx\/index.php\/archivos\/noticias\/boletin-1532-obtiene-fgeo-sentencia-de-12-anos-por-abuso-sexual-agravado-en-contra-de-dos-menores-de-edad-delito-cometido-en-escuela-primaria-de-la-villa-de-zaachila","title":{"rendered":"BOLET\u00cdN 1,532.- Obtiene FGEO sentencia de 12 a\u00f1os por abuso sexual agravado en contra de dos menores de edad, delito cometido en escuela primaria de la Villa de Zaachila"},"content":{"rendered":"<p><strong>Oaxaca de Ju\u00e1rez, Oax. 13 de junio de 2025.-<\/strong> Priorizando la atenci\u00f3n a delitos cometidos en contra de ni\u00f1as, ni\u00f1os y adolescentes, la Fiscal\u00eda General del Estado de Oaxaca obtuvo una sentencia condenatoria en contra de una persona del sexo masculino identificado como E.S.S. por el delito de abuso sexual agravado cometido en agravio de dos menores de edad, hechos ocurridos en la regi\u00f3n de los Valles Centrales.<\/p>\n<p>De acuerdo con el expediente penal, los hechos ocurrieron en las instalaciones de una escuela primaria ubicada en la Villa de Zaachila, cuando las v\u00edctimas -dos menores de edad, cuyos datos est\u00e1n reservados por ley- acudieron a la instituci\u00f3n para recibir clases extras, sin embargo, fueron v\u00edctimas de una agresi\u00f3n sexual.<\/p>\n<p>Al tener conocimiento de estos hechos, la Fiscal\u00eda General del Estado de Oaxaca inici\u00f3 las indagatorias preliminares a trav\u00e9s de la Vicefiscal\u00eda General de Control Regional, lo que permiti\u00f3 presentar pruebas suficientes para que se obtuviera y ejecutara la orden de aprehensi\u00f3n en contra de E.S.S. quien fue puesto a disposici\u00f3n de la autoridad correspondiente.<\/p>\n<p>Tras evaluar las pruebas presentadas por la FGEO, el Tribunal de Enjuiciamiento dict\u00f3 sentencia condenatoria de 12 a\u00f1os de prisi\u00f3n y cuatro meses en contra de E.S.S.\u00a0 por el delito de abuso sexual agravado, adem\u00e1s de imponer una multa econ\u00f3mica.<\/p>\n<p>La Fiscal\u00eda de Oaxaca respecto a los delitos en los que son v\u00edctimas ni\u00f1as, ni\u00f1os y adolescentes aplica procesos de investigaci\u00f3n rigurosos e integrales, los cuales est\u00e1n construidos con base en la perspectiva de infancia y adolescencia con el objetivo de brindar adecuados procesos de procuraci\u00f3n de justicia los cuales permitan llevar ante la justicia a quien o quienes resulten responsables.<\/p>\n","protected":false},"author":2,"featured_media":9255,"comment_status":"closed","ping_status":"closed","template":"","tags":[],"categoria_noticias":[],"class_list":["post-16825","noticias","type-noticias","status-publish","has-post-thumbnail","hentry"],"acf":[],"mb":[],"mfb_rest_fields":["title","gutenberg_elementor_mode"],"_links":{"self":[{"href":"https:\/\/portal.fgeo.gob.mx\/index.php\/wp-json\/wp\/v2\/noticias\/16825","targetHints":{"allow":["GET"]}}],"collection":[{"href":"https:\/\/portal.fgeo.gob.mx\/index.php\/wp-json\/wp\/v2\/noticias"}],"about":[{"href":"https:\/\/portal.fgeo.gob.mx\/index.php\/wp-json\/wp\/v2\/types\/noticias"}],"author":[{"embeddable":true,"href":"https:\/\/portal.fgeo.gob.mx\/index.php\/wp-json\/wp\/v2\/users\/2"}],"replies":[{"embeddable":true,"href":"https:\/\/portal.fgeo.gob.mx\/index.php\/wp-json\/wp\/v2\/comments?post=16825"}],"wp:featuredmedia":[{"embeddable":true,"href":"https:\/\/portal.fgeo.gob.mx\/index.php\/wp-json\/"}],"wp:attachment":[{"href":"https:\/\/portal.fgeo.gob.mx\/index.php\/wp-json\/wp\/v2\/media?parent=16825"}],"wp:term":[{"taxonomy":"post_tag","embeddable":true,"href":"https:\/\/portal.fgeo.gob.mx\/index.php\/wp-json\/wp\/v2\/tags?post=16825"},{"taxonomy":"categoria_noticias","embeddable":true,"href":"https:\/\/portal.fgeo.gob.mx\/index.php\/wp-json\/wp\/v2\/categoria_noticias?post=16825"}],"curies":[{"name":"wp","href":"https:\/\/api.w.org\/{rel}","templated":true}]}}