{"id":16823,"date":"2025-06-12T14:51:48","date_gmt":"2025-06-12T20:51:48","guid":{"rendered":"https:\/\/fge.oaxaca.gob.mx\/?post_type=noticias&amp;p=9250"},"modified":"2025-06-12T14:51:48","modified_gmt":"2025-06-12T20:51:48","slug":"boletin-1530-despliega-fgeo-y-mando-metropolitano-operativo-para-restablecer-el-orden-e-iniciar-investigaciones-luego-de-agresion-realizada-por-grupo-de-choque-en-la-central-de-abasto","status":"publish","type":"noticias","link":"https:\/\/portal.fgeo.gob.mx\/index.php\/archivos\/noticias\/boletin-1530-despliega-fgeo-y-mando-metropolitano-operativo-para-restablecer-el-orden-e-iniciar-investigaciones-luego-de-agresion-realizada-por-grupo-de-choque-en-la-central-de-abasto","title":{"rendered":"Bolet\u00edn 1,530.- Despliega FGEO y Mando Metropolitano operativo para restablecer el orden e iniciar investigaciones luego de agresi\u00f3n realizada por grupo de choque en la Central de Abasto"},"content":{"rendered":"<p>* Gracias a seguimiento por C-4 se logra identificaci\u00f3n de veh\u00edculos y personas que podr\u00edan estar involucradas en hechos violentos<br \/>\nOaxaca de Ju\u00e1rez, Oax. 12 de junio de 2025.- La Fiscal\u00eda General del Estado de Oaxaca (FGEO) inici\u00f3 una carpeta de investigaci\u00f3n de oficio por los hechos ocurridos en la Central de Abasto, donde grupos de choque vinculados a diferentes organizaciones protagonizaron una agresi\u00f3n contra comerciantes de la zona, situaci\u00f3n por la que se activ\u00f3 el protocolo de reacci\u00f3n por el cual se implement\u00f3 un operativo interinstitucional articulado a trav\u00e9s del Mando Coordinaci\u00f3n de Seguridad Metropolitana, lo que permiti\u00f3 restablecer el orden y garantizar la paz social en el lugar.<\/p>\n<p>Derivado de reportes recibidos a trav\u00e9s del n\u00famero de emergencia 911, se tuvo conocimiento que sobre agresiones provocadas por grupos de choque vinculados a diferentes organizaciones, los causaron destrozos en puestos comerciales, ante ello se despleg\u00f3 un operativo conjunto en el que participan la FGEO, a trav\u00e9s de la Agencia Estatal de Investigaciones, junto con la Polic\u00eda Municipal de Oaxaca de Ju\u00e1rez, Secretar\u00eda de la Defensa Nacional (DEFENSA), Guardia Nacional y la Polic\u00eda Estatal de la Secretar\u00eda de Seguridad P\u00fablica y Protecci\u00f3n Ciudadana (SSPC).<\/p>\n<p>&nbsp;<\/p>\n<p><img fetchpriority=\"high\" decoding=\"async\" class=\"size-medium wp-image-9251 aligncenter\" src=\"https:\/\/portal.fgeo.gob.mx\/wp-content\/uploads\/2025\/06\/BOLET%C3%8DN-1530-IMAGEN-300x225.jpeg\" alt=\"\" width=\"300\" height=\"225\" \/><\/p>\n<p>En el lugar de los hechos, como parte de la intervenci\u00f3n, se realiza un mapeo y vigilancia a trav\u00e9s de un equipo t\u00e1ctico de drones, adem\u00e1s de dar seguimiento en tiempo real haciendo uso de las c\u00e1maras que integran el Centro de Control, Comando y Comunicaci\u00f3n (C4).<\/p>\n<p>Derivado de estas labores identificaron a personas y veh\u00edculos relacionados con los hechos, por lo que contin\u00faan los trabajos de monitoreo y an\u00e1lisis para ampliar las investigaciones y dar con los responsables.<\/p>\n<p>La\u00a0Fiscal\u00eda de Oaxaca, despu\u00e9s de las primeras indagatorias realizadas por un equipo interdisciplinario, estableci\u00f3 diversas l\u00edneas de investigaci\u00f3n para delinear una teor\u00eda del caso s\u00f3lida que permita presentar ante la ley a quienes resulten responsables.<\/p>\n<p>Adem\u00e1s, la FGEO colabora en las acciones operativas necesarias para restablecer el orden y la paz social, pues es prioritario garantizar la seguridad de quienes acuden a trabajar o comprar a la Central de Abasto.<\/p>\n","protected":false},"author":2,"featured_media":9212,"comment_status":"closed","ping_status":"closed","template":"","tags":[],"categoria_noticias":[],"class_list":["post-16823","noticias","type-noticias","status-publish","has-post-thumbnail","hentry"],"acf":[],"mb":[],"mfb_rest_fields":["title","gutenberg_elementor_mode"],"_links":{"self":[{"href":"https:\/\/portal.fgeo.gob.mx\/index.php\/wp-json\/wp\/v2\/noticias\/16823","targetHints":{"allow":["GET"]}}],"collection":[{"href":"https:\/\/portal.fgeo.gob.mx\/index.php\/wp-json\/wp\/v2\/noticias"}],"about":[{"href":"https:\/\/portal.fgeo.gob.mx\/index.php\/wp-json\/wp\/v2\/types\/noticias"}],"author":[{"embeddable":true,"href":"https:\/\/portal.fgeo.gob.mx\/index.php\/wp-json\/wp\/v2\/users\/2"}],"replies":[{"embeddable":true,"href":"https:\/\/portal.fgeo.gob.mx\/index.php\/wp-json\/wp\/v2\/comments?post=16823"}],"wp:featuredmedia":[{"embeddable":true,"href":"https:\/\/portal.fgeo.gob.mx\/index.php\/wp-json\/"}],"wp:attachment":[{"href":"https:\/\/portal.fgeo.gob.mx\/index.php\/wp-json\/wp\/v2\/media?parent=16823"}],"wp:term":[{"taxonomy":"post_tag","embeddable":true,"href":"https:\/\/portal.fgeo.gob.mx\/index.php\/wp-json\/wp\/v2\/tags?post=16823"},{"taxonomy":"categoria_noticias","embeddable":true,"href":"https:\/\/portal.fgeo.gob.mx\/index.php\/wp-json\/wp\/v2\/categoria_noticias?post=16823"}],"curies":[{"name":"wp","href":"https:\/\/api.w.org\/{rel}","templated":true}]}}