{"id":16822,"date":"2025-06-12T13:16:03","date_gmt":"2025-06-12T19:16:03","guid":{"rendered":"https:\/\/fge.oaxaca.gob.mx\/?post_type=noticias&amp;p=9248"},"modified":"2025-06-12T13:16:03","modified_gmt":"2025-06-12T19:16:03","slug":"boletin-1529-obtiene-fiscalia-de-oaxaca-prision-y-vinculacion-a-proceso-contra-una-persona-por-los-delitos-de-feminicidio-agravado-y-aborto-forzado-cometido-en-reyes-mantecon","status":"publish","type":"noticias","link":"https:\/\/portal.fgeo.gob.mx\/index.php\/archivos\/noticias\/boletin-1529-obtiene-fiscalia-de-oaxaca-prision-y-vinculacion-a-proceso-contra-una-persona-por-los-delitos-de-feminicidio-agravado-y-aborto-forzado-cometido-en-reyes-mantecon","title":{"rendered":"BOLET\u00cdN 1,529.- Obtiene Fiscal\u00eda de Oaxaca prisi\u00f3n y vinculaci\u00f3n a proceso contra una persona por los delitos de Feminicidio Agravado y Aborto Forzado, cometido en Reyes Mantec\u00f3n"},"content":{"rendered":"<p style=\"font-weight: 400\"><strong>Oaxaca de Ju\u00e1rez, Oax. 12 de junio de 2025.-<\/strong>\u00a0En puntual seguimiento a casos de violencia de g\u00e9nero en la entidad y gracias al trabajo ministerial, la Fiscal\u00eda General del Estado de Oaxaca (FGEO) logr\u00f3 auto de vinculaci\u00f3n a proceso en contra de una persona del sexo masculino identificado como H.R.N.G., por los delitos de Feminicidio Agravado y Aborto Forzado, cometidos en la regi\u00f3n de los Valles Centrales.<\/p>\n<p style=\"font-weight: 400\">De acuerdo con el expediente penal del caso, los hechos ocurrieron al interior de un domicilio ubicado en la calle Victoria de la localidad de Reyes Mantec\u00f3n, jurisdicci\u00f3n del municipio de San Bartolo Coyotepec, donde localizaron el cuerpo sin vida de una mujer identificada como R.H.A.<\/p>\n<p style=\"font-weight: 400\">Los estudios periciales revelaron que la v\u00edctima falleci\u00f3 a causa de traumatismo craneoencef\u00e1lico severo con asfixia por estrangulamiento mec\u00e1nico, adem\u00e1s que se encontraba en estado de gravidez y la agresi\u00f3n gener\u00f3 la muerte del producto gestante, por la interrupci\u00f3n de la circulaci\u00f3n materno\u2013fetal.<\/p>\n<p style=\"font-weight: 400\">Despu\u00e9s de tener conocimiento de estos hechos, la FGEO inici\u00f3 las investigaciones correspondientes bajo el protocolo de investigaci\u00f3n Ministerial, Policial y Pericial del Delito de Feminicidio para el Estado de Oaxaca, a trav\u00e9s de la Fiscal\u00eda Especializada para la Atenci\u00f3n de Delitos contra la Mujer por Raz\u00f3n de G\u00e9nero y la Fiscal\u00eda Especializada en Feminicidios, logrando obtener pruebas que hicieron posible aprehender al imputado y llevarlo ante la autoridad competente para su proceso legal correspondiente.<\/p>\n<p style=\"font-weight: 400\">Tras el desahogo de pruebas aportadas por la Fiscal\u00eda General de Oaxaca y valoradas en audiencia, el Juez que atiende la causa dict\u00f3 auto de vinculaci\u00f3n a proceso en contra de H.R.N.G., por los delitos de Feminicidio Agravado y Aborto Forzado, imponi\u00e9ndole la medida cautelar de prisi\u00f3n preventiva justificada, adem\u00e1s que otorg\u00f3 cuatro meses para el cierre de la investigaci\u00f3n complementaria.<\/p>\n<p style=\"font-weight: 400\">\u00a0La Fiscal\u00eda General del Estado de Oaxaca reitera su compromiso de llevar ante la Justicia a todo aquel que vulnere los derechos y la integridad de Ni\u00f1as, Ni\u00f1os, Adolescentes y Mujeres.<\/p>\n<p style=\"font-weight: 400\"><img fetchpriority=\"high\" decoding=\"async\" class=\"alignnone size-medium wp-image-9249\" src=\"https:\/\/portal.fgeo.gob.mx\/wp-content\/uploads\/2025\/06\/WhatsApp-Image-2025-05-22-at-10.19.47-AM-300x202.jpeg\" alt=\"\" width=\"300\" height=\"202\" \/><\/p>\n","protected":false},"author":2,"featured_media":9212,"comment_status":"closed","ping_status":"closed","template":"","tags":[],"categoria_noticias":[],"class_list":["post-16822","noticias","type-noticias","status-publish","has-post-thumbnail","hentry"],"acf":[],"mb":[],"mfb_rest_fields":["title","gutenberg_elementor_mode"],"_links":{"self":[{"href":"https:\/\/portal.fgeo.gob.mx\/index.php\/wp-json\/wp\/v2\/noticias\/16822","targetHints":{"allow":["GET"]}}],"collection":[{"href":"https:\/\/portal.fgeo.gob.mx\/index.php\/wp-json\/wp\/v2\/noticias"}],"about":[{"href":"https:\/\/portal.fgeo.gob.mx\/index.php\/wp-json\/wp\/v2\/types\/noticias"}],"author":[{"embeddable":true,"href":"https:\/\/portal.fgeo.gob.mx\/index.php\/wp-json\/wp\/v2\/users\/2"}],"replies":[{"embeddable":true,"href":"https:\/\/portal.fgeo.gob.mx\/index.php\/wp-json\/wp\/v2\/comments?post=16822"}],"wp:featuredmedia":[{"embeddable":true,"href":"https:\/\/portal.fgeo.gob.mx\/index.php\/wp-json\/"}],"wp:attachment":[{"href":"https:\/\/portal.fgeo.gob.mx\/index.php\/wp-json\/wp\/v2\/media?parent=16822"}],"wp:term":[{"taxonomy":"post_tag","embeddable":true,"href":"https:\/\/portal.fgeo.gob.mx\/index.php\/wp-json\/wp\/v2\/tags?post=16822"},{"taxonomy":"categoria_noticias","embeddable":true,"href":"https:\/\/portal.fgeo.gob.mx\/index.php\/wp-json\/wp\/v2\/categoria_noticias?post=16822"}],"curies":[{"name":"wp","href":"https:\/\/api.w.org\/{rel}","templated":true}]}}