{"id":16820,"date":"2025-06-11T16:00:25","date_gmt":"2025-06-11T22:00:25","guid":{"rendered":"https:\/\/fge.oaxaca.gob.mx\/?post_type=noticias&amp;p=9244"},"modified":"2025-06-11T16:00:25","modified_gmt":"2025-06-11T22:00:25","slug":"boletin-1527-obtiene-fgeo-vinculacion-a-proceso-y-prision-contra-una-persona-por-el-delito-de-violencia-de-pareja-y-tentativa-de-feminicidio-ocurrido-en-santa-cruz-xoxocotlan","status":"publish","type":"noticias","link":"https:\/\/portal.fgeo.gob.mx\/index.php\/archivos\/noticias\/boletin-1527-obtiene-fgeo-vinculacion-a-proceso-y-prision-contra-una-persona-por-el-delito-de-violencia-de-pareja-y-tentativa-de-feminicidio-ocurrido-en-santa-cruz-xoxocotlan","title":{"rendered":"BOLET\u00cdN 1,527.-Obtiene FGEO vinculaci\u00f3n a proceso y prisi\u00f3n contra una persona por el delito de violencia de pareja y tentativa de feminicidio, ocurrido en Santa Cruz Xoxocotl\u00e1n"},"content":{"rendered":"<p><strong>Oaxaca de Ju\u00e1rez, Oax. 11 de junio de 2025.-<\/strong> Derivado de las acciones institucionales de cero tolerancia a la violencia contra las mujeres, la Fiscal\u00eda General del Estado de Oaxaca (FGEO) obtuvo auto de vinculaci\u00f3n a proceso en contra de una persona del sexo masculino identificado como M.E.R.G., por el delito de violencia de pareja y tentativa de feminicidio agravado cometido en agravio de su pareja, hechos ocurridos en la regi\u00f3n de los Valles Centrales.<\/p>\n<p>De acuerdo con lo asentado en el expediente penal, los hechos ocurrieron en diferentes fechas de abril de 2025, en un domicilio ubicado en Santa Cruz Xoxocotl\u00e1n, donde la v\u00edctima fue agredida verbal y f\u00edsicamente, situaci\u00f3n que se repiti\u00f3 en m\u00e1s de una ocasi\u00f3n.<\/p>\n<p>La investigaci\u00f3n revela que los acontecimientos m\u00e1s recientes se suscitaron el 16 de abril de 2025, cuando el imputado habr\u00eda tratado de ahorcar a la v\u00edctima, sin embargo, una persona intervino para evitarlo.<\/p>\n<p>Tras estos hechos, la v\u00edctima present\u00f3 diversas lesiones en el cuerpo, as\u00ed como problemas psicoemocionales.<\/p>\n<p>Al tener conocimiento de la denuncia por estos hechos, la Fiscal\u00eda de Oaxaca inici\u00f3 las investigaciones correspondientes a trav\u00e9s de la Fiscal\u00eda Especializada en Atenci\u00f3n a Delitos contra la Mujer, que reuni\u00f3 las pruebas necesarias para obtener una orden de aprehensi\u00f3n en contra de M.E.R.G., quien fue presentando ante el juez para su proceso legal correspondiente.<\/p>\n<p>En audiencia y tras valorar los datos de prueba, el Juez que atiende la causa dict\u00f3 auto de vinculaci\u00f3n a proceso en contra de M.E.R.G., por el delito de violencia de pareja y tentativa de feminicidio agravado, adem\u00e1s de imponer la medida cautelar de prisi\u00f3n preventiva justificada.<\/p>\n<p>La Fiscal\u00eda de Oaxaca est\u00e1 comprometida con brindar investigaciones prontas y efectivas, especialmente en delitos que involucran violencia contra las mujeres, ni\u00f1as y adolescentes, pues con esto busca garantizar a las v\u00edctimas procesos de procuraci\u00f3n de justicia eficientes.<\/p>\n<p><img decoding=\"async\" class=\"alignnone size-medium wp-image-9245\" src=\"https:\/\/portal.fgeo.gob.mx\/wp-content\/uploads\/2025\/06\/WhatsApp-Image-2025-05-06-at-3.00.12-PM-300x164.jpeg\" alt=\"\" width=\"300\" height=\"164\" \/><\/p>\n","protected":false},"author":2,"featured_media":9212,"comment_status":"closed","ping_status":"closed","template":"","tags":[],"categoria_noticias":[],"class_list":["post-16820","noticias","type-noticias","status-publish","has-post-thumbnail","hentry"],"acf":[],"mb":[],"mfb_rest_fields":["title","gutenberg_elementor_mode"],"_links":{"self":[{"href":"https:\/\/portal.fgeo.gob.mx\/index.php\/wp-json\/wp\/v2\/noticias\/16820","targetHints":{"allow":["GET"]}}],"collection":[{"href":"https:\/\/portal.fgeo.gob.mx\/index.php\/wp-json\/wp\/v2\/noticias"}],"about":[{"href":"https:\/\/portal.fgeo.gob.mx\/index.php\/wp-json\/wp\/v2\/types\/noticias"}],"author":[{"embeddable":true,"href":"https:\/\/portal.fgeo.gob.mx\/index.php\/wp-json\/wp\/v2\/users\/2"}],"replies":[{"embeddable":true,"href":"https:\/\/portal.fgeo.gob.mx\/index.php\/wp-json\/wp\/v2\/comments?post=16820"}],"wp:featuredmedia":[{"embeddable":true,"href":"https:\/\/portal.fgeo.gob.mx\/index.php\/wp-json\/"}],"wp:attachment":[{"href":"https:\/\/portal.fgeo.gob.mx\/index.php\/wp-json\/wp\/v2\/media?parent=16820"}],"wp:term":[{"taxonomy":"post_tag","embeddable":true,"href":"https:\/\/portal.fgeo.gob.mx\/index.php\/wp-json\/wp\/v2\/tags?post=16820"},{"taxonomy":"categoria_noticias","embeddable":true,"href":"https:\/\/portal.fgeo.gob.mx\/index.php\/wp-json\/wp\/v2\/categoria_noticias?post=16820"}],"curies":[{"name":"wp","href":"https:\/\/api.w.org\/{rel}","templated":true}]}}