{"id":16817,"date":"2025-06-10T16:06:59","date_gmt":"2025-06-10T22:06:59","guid":{"rendered":"https:\/\/fge.oaxaca.gob.mx\/?post_type=noticias&amp;p=9236"},"modified":"2025-06-10T16:06:59","modified_gmt":"2025-06-10T22:06:59","slug":"boletin-1524-obtiene-fiscalia-de-oaxaca-vinculacion-a-proceso-contra-imputado-por-narcomenudeo-delito-cometido-en-la-costa","status":"publish","type":"noticias","link":"https:\/\/portal.fgeo.gob.mx\/index.php\/archivos\/noticias\/boletin-1524-obtiene-fiscalia-de-oaxaca-vinculacion-a-proceso-contra-imputado-por-narcomenudeo-delito-cometido-en-la-costa","title":{"rendered":"BOLET\u00cdN 1,524.- Obtiene Fiscal\u00eda de Oaxaca vinculaci\u00f3n a proceso contra imputado por narcomenudeo, delito cometido en la Costa"},"content":{"rendered":"<p style=\"font-weight: 400\"><em>* En un segundo caso, se efectu\u00f3 un cateo, donde se logr\u00f3 el aseguramiento de un arma de fuego<\/em><\/p>\n<p style=\"font-weight: 400\">\n<p style=\"font-weight: 400\"><strong>Oaxaca de Ju\u00e1rez, Oax. 10 de junio de 2025.-<\/strong>\u00a0En acciones coordinadas para el combate a delitos contra la salud, la Fiscal\u00eda General del Estado de Oaxaca (FGEO) obtuvo una vinculaci\u00f3n a proceso y ejecut\u00f3 una orden de cateo en la regi\u00f3n de la Costa.<\/p>\n<p style=\"font-weight: 400\">\n<p style=\"font-weight: 400\">En el primer caso, la Fiscal\u00eda General del Estado de Oaxaca obtuvo auto de vinculaci\u00f3n a proceso contra una persona del sexo masculino identificada como C.C.M., por el delito contra la salud en su modalidad de narcomenudeo en su hip\u00f3tesis de suministro de marihuana, cometido en agravio de la sociedad, en la regi\u00f3n de la Costa.<\/p>\n<p style=\"font-weight: 400\">\n<p style=\"font-weight: 400\">De acuerdo con el expediente penal, C.C.M., fue detenido en flagrancia por elementos de la Agencia Estatal de Investigaciones (AEI) adscritos a la Vicefiscal\u00eda Regional de la Costa, el 06 de junio de 2025, en inmediaciones de la localidad de Santiago Cuixtla perteneciente al municipio de Santos Reyes Nopala.<\/p>\n<p style=\"font-weight: 400\">\n<p style=\"font-weight: 400\"><img fetchpriority=\"high\" decoding=\"async\" class=\"alignnone size-medium wp-image-9237\" src=\"https:\/\/portal.fgeo.gob.mx\/wp-content\/uploads\/2025\/06\/WhatsApp-Image-2025-06-09-at-1.26.36-PM-300x203.jpeg\" alt=\"\" width=\"300\" height=\"203\" \/><\/p>\n<p style=\"font-weight: 400\">\n<p style=\"font-weight: 400\">La investigaci\u00f3n revela que, en el lugar los agentes de investigaci\u00f3n se percataron de la presencia de una persona con actitud sospechosa, quien al ver a los efectivos comenz\u00f3 a correr, por lo que fue alcanzado y conforme a derecho se le efectu\u00f3 una inspecci\u00f3n.<\/p>\n<p style=\"font-weight: 400\">\n<p style=\"font-weight: 400\">Al llevar a cabo la revisi\u00f3n, los elementos de seguridad hallaron dentro de sus pertenencias diversas bolsas con hierba seca con las caracter\u00edsticas propias de la marihuana, motivo por el que fue detenido y puesto a disposici\u00f3n de la autoridad correspondiente.<\/p>\n<p style=\"font-weight: 400\">\n<p style=\"font-weight: 400\">Al presentar los datos de prueba aportados por la Fiscal\u00eda de Oaxaca, el Juez de Control dict\u00f3 vinculaci\u00f3n a proceso en contra de C.C.M., por el delito contra la salud en su modalidad de narcomenudeo en su hip\u00f3tesis de suministro de marihuana, imponiendo la medida cautelar de prisi\u00f3n preventiva justificada, adem\u00e1s de otorgar el plazo de un mes para el cierre de la investigaci\u00f3n.<\/p>\n<p style=\"font-weight: 400\">\n<p style=\"font-weight: 400\">En el segundo caso, la Fiscal\u00eda de Oaxaca a trav\u00e9s de la Vicefiscal\u00eda Regional de la Costa dio cumplimiento a una orden de cateo en un domicilio ubicado en la localidad de Santiago Cuixtla perteneciente al municipio de Santos Reyes Nopala, el cual deriva de una denuncia ciudadana en la que alertaba sobre la venta de droga.<\/p>\n<p style=\"font-weight: 400\">\n<p style=\"font-weight: 400\">Como resultado del operativo, los efectivos lograron el aseguramiento de hierba seca con caracter\u00edsticas propias a la marihuana, adem\u00e1s de un arma de fuego y cartuchos \u00fatiles.<\/p>\n<p style=\"font-weight: 400\">\u00a0<img decoding=\"async\" class=\"alignnone size-medium wp-image-9238\" src=\"https:\/\/portal.fgeo.gob.mx\/wp-content\/uploads\/2025\/06\/WhatsApp-Image-2025-06-09-at-1.26.57-PM-300x225.jpeg\" alt=\"\" width=\"300\" height=\"225\" \/><\/p>\n<p style=\"font-weight: 400\">Para la Fiscal\u00eda General de Oaxaca, el combate a la venta y distribuci\u00f3n de drogas, forma parte de la estrategia de seguridad que realizan para garantizar una eficaz procuraci\u00f3n de justicia en la entidad.<\/p>\n","protected":false},"author":2,"featured_media":9212,"comment_status":"closed","ping_status":"closed","template":"","tags":[],"categoria_noticias":[],"class_list":["post-16817","noticias","type-noticias","status-publish","has-post-thumbnail","hentry"],"acf":[],"mb":[],"mfb_rest_fields":["title","gutenberg_elementor_mode"],"_links":{"self":[{"href":"https:\/\/portal.fgeo.gob.mx\/index.php\/wp-json\/wp\/v2\/noticias\/16817","targetHints":{"allow":["GET"]}}],"collection":[{"href":"https:\/\/portal.fgeo.gob.mx\/index.php\/wp-json\/wp\/v2\/noticias"}],"about":[{"href":"https:\/\/portal.fgeo.gob.mx\/index.php\/wp-json\/wp\/v2\/types\/noticias"}],"author":[{"embeddable":true,"href":"https:\/\/portal.fgeo.gob.mx\/index.php\/wp-json\/wp\/v2\/users\/2"}],"replies":[{"embeddable":true,"href":"https:\/\/portal.fgeo.gob.mx\/index.php\/wp-json\/wp\/v2\/comments?post=16817"}],"wp:featuredmedia":[{"embeddable":true,"href":"https:\/\/portal.fgeo.gob.mx\/index.php\/wp-json\/"}],"wp:attachment":[{"href":"https:\/\/portal.fgeo.gob.mx\/index.php\/wp-json\/wp\/v2\/media?parent=16817"}],"wp:term":[{"taxonomy":"post_tag","embeddable":true,"href":"https:\/\/portal.fgeo.gob.mx\/index.php\/wp-json\/wp\/v2\/tags?post=16817"},{"taxonomy":"categoria_noticias","embeddable":true,"href":"https:\/\/portal.fgeo.gob.mx\/index.php\/wp-json\/wp\/v2\/categoria_noticias?post=16817"}],"curies":[{"name":"wp","href":"https:\/\/api.w.org\/{rel}","templated":true}]}}