{"id":16816,"date":"2025-06-10T12:41:43","date_gmt":"2025-06-10T18:41:43","guid":{"rendered":"https:\/\/fge.oaxaca.gob.mx\/?post_type=noticias&amp;p=9234"},"modified":"2025-06-10T12:41:43","modified_gmt":"2025-06-10T18:41:43","slug":"boletin-1523-fiscalia-de-oaxaca-ejecuta-una-orden-de-aprehension-y-detiene-a-una-persona-por-violacion-agravada-ocurrida-en-la-region-de-la-cuenca","status":"publish","type":"noticias","link":"https:\/\/portal.fgeo.gob.mx\/index.php\/archivos\/noticias\/boletin-1523-fiscalia-de-oaxaca-ejecuta-una-orden-de-aprehension-y-detiene-a-una-persona-por-violacion-agravada-ocurrida-en-la-region-de-la-cuenca","title":{"rendered":"BOLET\u00cdN 1,523.- Fiscal\u00eda de Oaxaca ejecuta una orden de aprehensi\u00f3n y detiene a una persona por violaci\u00f3n agravada ocurrida en la regi\u00f3n de la Cuenca"},"content":{"rendered":"<p><strong>Oaxaca de Ju\u00e1rez, Oax. 10 de junio de 2025.-<\/strong> La Fiscal\u00eda General del Estado de Oaxaca (FGEO) dio cumplimiento a una orden de aprehensi\u00f3n que permiti\u00f3 la detenci\u00f3n de un hombre identificado como H.E.F., por el delito de Violaci\u00f3n Agravada en perjuicio de una mujer, hechos cometidos en la regi\u00f3n la Cuenca del Papaloapan.<\/p>\n<p>De acuerdo con la denuncia asentada en el expediente penal del caso, la agresi\u00f3n ocurri\u00f3 la noche del 27 de septiembre de 2012, cuando la v\u00edctima (una mujer, cuya identidad est\u00e1 reservada por ley) se encontraba en el interior de un domicilio ubicado en calle Ni\u00f1o Perdido de la localidad San Antonio Las Palmas perteneciente al municipio de Santiago Jocotepec, lugar donde fue agredida f\u00edsica y sexualmente.<\/p>\n<p>Luego de la denuncia, la FGEO tom\u00f3 conocimiento del caso -a trav\u00e9s de la Vicefiscal\u00eda Regional de la Cuenca- logrando reunir las pruebas necesarias que permitieron obtener una orden de aprehensi\u00f3n en contra de H.E.F., por el delito de violaci\u00f3n agravada.<\/p>\n<p>Una vez localizado, H.E.F. fue detenido por elementos de la Agencia Estatal de Investigaciones (AEI) en colaboraci\u00f3n con personal de la Secretar\u00eda de la Defensa Nacional (DEFENSA) cuando se encontraba en calles c\u00e9ntricas de la agencia municipal de San Antonio Las Palmas, municipio de Santiago Jocotepec.<\/p>\n<p>Posteriormente, fue trasladado al Ministerio P\u00fablico para su certificaci\u00f3n m\u00e9dica y con ello, iniciar los tr\u00e1mites correspondientes para su debido proceso legal.<\/p>\n<p>La Fiscal\u00eda de Oaxaca tiene entre sus ejes rectores garantizar una vida libre de violencia para ni\u00f1as, ni\u00f1os, adolescentes y mujeres a trav\u00e9s de los mecanismos de procuraci\u00f3n de justicia que est\u00e1n a cargo de \u00e1reas especializadas y bien capacitadas para este tipo de labores.<\/p>\n<p><img fetchpriority=\"high\" decoding=\"async\" class=\"size-medium wp-image-9235\" src=\"https:\/\/portal.fgeo.gob.mx\/wp-content\/uploads\/2025\/06\/Dise%C3%B1o-sin-t%C3%ADtulo-8-300x184.jpg\" alt=\"\" width=\"300\" height=\"184\" \/><\/p>\n","protected":false},"author":2,"featured_media":9212,"comment_status":"closed","ping_status":"closed","template":"","tags":[],"categoria_noticias":[],"class_list":["post-16816","noticias","type-noticias","status-publish","has-post-thumbnail","hentry"],"acf":[],"mb":[],"mfb_rest_fields":["title","gutenberg_elementor_mode"],"_links":{"self":[{"href":"https:\/\/portal.fgeo.gob.mx\/index.php\/wp-json\/wp\/v2\/noticias\/16816","targetHints":{"allow":["GET"]}}],"collection":[{"href":"https:\/\/portal.fgeo.gob.mx\/index.php\/wp-json\/wp\/v2\/noticias"}],"about":[{"href":"https:\/\/portal.fgeo.gob.mx\/index.php\/wp-json\/wp\/v2\/types\/noticias"}],"author":[{"embeddable":true,"href":"https:\/\/portal.fgeo.gob.mx\/index.php\/wp-json\/wp\/v2\/users\/2"}],"replies":[{"embeddable":true,"href":"https:\/\/portal.fgeo.gob.mx\/index.php\/wp-json\/wp\/v2\/comments?post=16816"}],"wp:featuredmedia":[{"embeddable":true,"href":"https:\/\/portal.fgeo.gob.mx\/index.php\/wp-json\/"}],"wp:attachment":[{"href":"https:\/\/portal.fgeo.gob.mx\/index.php\/wp-json\/wp\/v2\/media?parent=16816"}],"wp:term":[{"taxonomy":"post_tag","embeddable":true,"href":"https:\/\/portal.fgeo.gob.mx\/index.php\/wp-json\/wp\/v2\/tags?post=16816"},{"taxonomy":"categoria_noticias","embeddable":true,"href":"https:\/\/portal.fgeo.gob.mx\/index.php\/wp-json\/wp\/v2\/categoria_noticias?post=16816"}],"curies":[{"name":"wp","href":"https:\/\/api.w.org\/{rel}","templated":true}]}}