{"id":16815,"date":"2025-06-10T09:18:45","date_gmt":"2025-06-10T15:18:45","guid":{"rendered":"https:\/\/fge.oaxaca.gob.mx\/?post_type=noticias&amp;p=9226"},"modified":"2025-06-10T09:18:45","modified_gmt":"2025-06-10T15:18:45","slug":"boletin-1522-fiscalia-de-oaxaca-obtiene-vinculacion-a-proceso-contra-siete-personas-por-delitos-contra-la-salud-operaban-en-la-region-de-la-costa","status":"publish","type":"noticias","link":"https:\/\/portal.fgeo.gob.mx\/index.php\/archivos\/noticias\/boletin-1522-fiscalia-de-oaxaca-obtiene-vinculacion-a-proceso-contra-siete-personas-por-delitos-contra-la-salud-operaban-en-la-region-de-la-costa","title":{"rendered":"BOLET\u00cdN 1,522.-Fiscal\u00eda de Oaxaca obtiene vinculaci\u00f3n a proceso contra siete personas por delitos contra la salud, operaban en la regi\u00f3n de la Costa"},"content":{"rendered":"<p style=\"font-weight: 400\"><strong>Oaxaca de Ju\u00e1rez, Oax. 10 de junio de 2025.-<\/strong>\u00a0La Fiscal\u00eda General del Estado de Oaxaca obtuvo la vinculaci\u00f3n a proceso de siete personas por el delito contra la salud cometido en agravio de la sociedad, hechos cometidos en la regi\u00f3n de la Costa, acciones que forman de la estrategia de combate a la venta y distribuci\u00f3n de drogas, eje prioritario dentro del plan estatal de seguridad.<\/p>\n<p style=\"font-weight: 400\">Las detenciones fueron resultado de operaciones coordinadas entre la Agencia Estatal de Investigaciones, la Vicefiscal\u00eda Regional de la Costa, as\u00ed como la Secretar\u00eda de la Defensa Nacional (DEFENSA), Secretar\u00eda de Marina, Polic\u00eda Vial y Polic\u00eda municipal de Pinotepa Nacional, acciones que son resultado de labores de inteligencia criminal.<\/p>\n<p style=\"font-weight: 400\">De acuerdo con la carpeta de investigaci\u00f3n, durante diversos operativos y cateos realizados en domicilios de Santiago Pinotepa Nacional se aseguraron a seis hombres identificados como P.G.C., D.E.H.M., V.H.M., R.J.H.M., A.V.S. y U.L.R., adem\u00e1s de una mujer identificada como I.L.N.A., adem\u00e1s se logr\u00f3 el aseguramiento de diversas dosis de una sustancia granulada con caracter\u00edsticas del cristal, as\u00ed como bolsitas con una hierba seca con caracter\u00edsticas similares a la marihuana.<\/p>\n<p style=\"font-weight: 400\">Tras el desahogo de pruebas aportadas por la Fiscal\u00eda de Oaxaca, el Juez de la causa determin\u00f3 vincular a proceso a las siete personas por el delito contra la salud, adem\u00e1s de imponer la medida cautelar de prisi\u00f3n preventiva y otorg\u00f3 un mes de plazo para el cierre de la investigaci\u00f3n complementaria.<\/p>\n<p style=\"font-weight: 400\">La Fiscal\u00eda General del Estado de Oaxaca est\u00e1 comprometida con el combate al narcomenudeo, por ello, colabora con los tres niveles de gobierno para poder implementar acciones m\u00e1s efectivas que permitan desarticular redes criminales, as\u00ed como atender focos rojos y detener objetivos prioritarios, pues, esto impacta en forma directa en la disminuci\u00f3n de la incidencia delictiva.<\/p>\n<p style=\"font-weight: 400\"><img fetchpriority=\"high\" decoding=\"async\" class=\"alignnone size-medium wp-image-9227\" src=\"https:\/\/portal.fgeo.gob.mx\/wp-content\/uploads\/2025\/06\/WhatsApp-Image-2025-06-09-at-12.48.54-PM-300x211.jpeg\" alt=\"\" width=\"300\" height=\"211\" \/> <img decoding=\"async\" class=\"alignnone size-medium wp-image-9228\" src=\"https:\/\/portal.fgeo.gob.mx\/wp-content\/uploads\/2025\/06\/WhatsApp-Image-2025-06-09-at-12.48.54-PM-1-300x150.jpeg\" alt=\"\" width=\"300\" height=\"150\" \/> <img decoding=\"async\" class=\"alignnone size-medium wp-image-9229\" src=\"https:\/\/portal.fgeo.gob.mx\/wp-content\/uploads\/2025\/06\/WhatsApp-Image-2025-06-09-at-12.48.55-PM-300x202.jpeg\" alt=\"\" width=\"300\" height=\"202\" \/> <img loading=\"lazy\" decoding=\"async\" class=\"alignnone size-medium wp-image-9230\" src=\"https:\/\/portal.fgeo.gob.mx\/wp-content\/uploads\/2025\/06\/WhatsApp-Image-2025-06-09-at-12.48.55-PM-1-300x181.jpeg\" alt=\"\" width=\"300\" height=\"181\" \/> <img loading=\"lazy\" decoding=\"async\" class=\"alignnone size-medium wp-image-9231\" src=\"https:\/\/portal.fgeo.gob.mx\/wp-content\/uploads\/2025\/06\/WhatsApp-Image-2025-06-09-at-12.48.55-PM-2-300x274.jpeg\" alt=\"\" width=\"300\" height=\"274\" \/> <img loading=\"lazy\" decoding=\"async\" class=\"alignnone size-medium wp-image-9232\" src=\"https:\/\/portal.fgeo.gob.mx\/wp-content\/uploads\/2025\/06\/WhatsApp-Image-2025-06-09-at-12.48.56-PM-300x242.jpeg\" alt=\"\" width=\"300\" height=\"242\" \/> <img loading=\"lazy\" decoding=\"async\" class=\"alignnone size-medium wp-image-9233\" src=\"https:\/\/portal.fgeo.gob.mx\/wp-content\/uploads\/2025\/06\/WhatsApp-Image-2025-06-09-at-12.48.56-PM-1-300x288.jpeg\" alt=\"\" width=\"300\" height=\"288\" \/><\/p>\n","protected":false},"author":2,"featured_media":9212,"comment_status":"closed","ping_status":"closed","template":"","tags":[],"categoria_noticias":[],"class_list":["post-16815","noticias","type-noticias","status-publish","has-post-thumbnail","hentry"],"acf":[],"mb":[],"mfb_rest_fields":["title","gutenberg_elementor_mode"],"_links":{"self":[{"href":"https:\/\/portal.fgeo.gob.mx\/index.php\/wp-json\/wp\/v2\/noticias\/16815","targetHints":{"allow":["GET"]}}],"collection":[{"href":"https:\/\/portal.fgeo.gob.mx\/index.php\/wp-json\/wp\/v2\/noticias"}],"about":[{"href":"https:\/\/portal.fgeo.gob.mx\/index.php\/wp-json\/wp\/v2\/types\/noticias"}],"author":[{"embeddable":true,"href":"https:\/\/portal.fgeo.gob.mx\/index.php\/wp-json\/wp\/v2\/users\/2"}],"replies":[{"embeddable":true,"href":"https:\/\/portal.fgeo.gob.mx\/index.php\/wp-json\/wp\/v2\/comments?post=16815"}],"wp:featuredmedia":[{"embeddable":true,"href":"https:\/\/portal.fgeo.gob.mx\/index.php\/wp-json\/"}],"wp:attachment":[{"href":"https:\/\/portal.fgeo.gob.mx\/index.php\/wp-json\/wp\/v2\/media?parent=16815"}],"wp:term":[{"taxonomy":"post_tag","embeddable":true,"href":"https:\/\/portal.fgeo.gob.mx\/index.php\/wp-json\/wp\/v2\/tags?post=16815"},{"taxonomy":"categoria_noticias","embeddable":true,"href":"https:\/\/portal.fgeo.gob.mx\/index.php\/wp-json\/wp\/v2\/categoria_noticias?post=16815"}],"curies":[{"name":"wp","href":"https:\/\/api.w.org\/{rel}","templated":true}]}}