{"id":16810,"date":"2025-06-06T10:00:34","date_gmt":"2025-06-06T16:00:34","guid":{"rendered":"https:\/\/fge.oaxaca.gob.mx\/?post_type=noticias&amp;p=9208"},"modified":"2025-06-06T10:00:34","modified_gmt":"2025-06-06T16:00:34","slug":"boletin-1514-fiscalia-de-oaxaca-obtiene-vinculacion-a-proceso-contra-dos-personas-por-despojo-y-logra-la-devolucion-del-inmueble-hechos-ocurridos-en-la-zona-metropolitana","status":"publish","type":"noticias","link":"https:\/\/portal.fgeo.gob.mx\/index.php\/archivos\/noticias\/boletin-1514-fiscalia-de-oaxaca-obtiene-vinculacion-a-proceso-contra-dos-personas-por-despojo-y-logra-la-devolucion-del-inmueble-hechos-ocurridos-en-la-zona-metropolitana","title":{"rendered":"BOLET\u00cdN 1,514.- Fiscal\u00eda de Oaxaca obtiene vinculaci\u00f3n a proceso contra dos personas por despojo y logra la devoluci\u00f3n del inmueble, hechos ocurridos en la Zona Metropolitana"},"content":{"rendered":"<p><strong>Oaxaca de Ju\u00e1rez, Oax.\u00a0 06 de junio de 2025.-<\/strong> Como parte de las acciones en atenci\u00f3n a delitos patrimoniales, la Fiscal\u00eda General del Estado de Oaxaca (FGEO) obtuvo un auto de vinculaci\u00f3n a proceso en contra de dos mujeres identificadas como R.E.C.F. y P.R.C, por el delito de despojo cometido en los Valles Centrales en agravio de B.V.R.C.<\/p>\n<p>De acuerdo con el expediente penal, los hechos ocurrieron el 09 de septiembre del 2023, cuando las imputadas habr\u00edan llegado junto con otras personas a un domicilio ubicado en la calle Libertad n\u00famero 07, perteneciente a San Jacinto Amilpas, para amenazar a la v\u00edctima con sacarla de su propiedad.<\/p>\n<p>La investigaci\u00f3n detalla que, posterior a estos hechos, el 11 de septiembre de 2023, la v\u00edctima hab\u00eda salido de su domicilio junto con su familia dejando la puerta debidamente cerrada con candado, sin embargo, al regresar a su propiedad se percat\u00f3 que el candado hab\u00eda sido violado por un grupo de personas que ya se hab\u00edan apoderado del inmueble.<\/p>\n<p>Tras estos hechos, y derivado de la denuncia interpuesta ante la FGEO, se iniciaron las investigaciones ministeriales correspondientes a trav\u00e9s de la Vicefiscal\u00eda Regional de Valles Centrales, las cuales permitieron obtener las respectivas \u00f3rdenes de aprehensi\u00f3n logrando detener a R.E.C.F. y P.R.C., para posteriormente, ponerlas a disposici\u00f3n de la autoridad competente para su debido proceso legal.<\/p>\n<p>Tras el desahogo de pruebas aportadas por la FGEO y valoradas en audiencia, el Juez que atiende la causa dict\u00f3 auto de vinculaci\u00f3n a proceso en contra de R.E.C.F y P.R.C por el delito de despojo agravado, concediendo dos meses para el cierre de la investigaci\u00f3n complementaria, adem\u00e1s orden\u00f3 la restituci\u00f3n del inmueble en favor de la v\u00edctima.<\/p>\n<p>Para la Fiscal\u00eda de Oaxaca, la atenci\u00f3n a casos por delitos patrimoniales es prioritaria para que las v\u00edctimas tengan acceso pleno a la justicia y, como parte de ese proceso, se logre la reparaci\u00f3n del da\u00f1o a su favor.<\/p>\n<p>&nbsp;<\/p>\n","protected":false},"author":2,"featured_media":9119,"comment_status":"closed","ping_status":"closed","template":"","tags":[],"categoria_noticias":[],"class_list":["post-16810","noticias","type-noticias","status-publish","has-post-thumbnail","hentry"],"acf":[],"mb":[],"mfb_rest_fields":["title","gutenberg_elementor_mode"],"_links":{"self":[{"href":"https:\/\/portal.fgeo.gob.mx\/index.php\/wp-json\/wp\/v2\/noticias\/16810","targetHints":{"allow":["GET"]}}],"collection":[{"href":"https:\/\/portal.fgeo.gob.mx\/index.php\/wp-json\/wp\/v2\/noticias"}],"about":[{"href":"https:\/\/portal.fgeo.gob.mx\/index.php\/wp-json\/wp\/v2\/types\/noticias"}],"author":[{"embeddable":true,"href":"https:\/\/portal.fgeo.gob.mx\/index.php\/wp-json\/wp\/v2\/users\/2"}],"replies":[{"embeddable":true,"href":"https:\/\/portal.fgeo.gob.mx\/index.php\/wp-json\/wp\/v2\/comments?post=16810"}],"wp:featuredmedia":[{"embeddable":true,"href":"https:\/\/portal.fgeo.gob.mx\/index.php\/wp-json\/"}],"wp:attachment":[{"href":"https:\/\/portal.fgeo.gob.mx\/index.php\/wp-json\/wp\/v2\/media?parent=16810"}],"wp:term":[{"taxonomy":"post_tag","embeddable":true,"href":"https:\/\/portal.fgeo.gob.mx\/index.php\/wp-json\/wp\/v2\/tags?post=16810"},{"taxonomy":"categoria_noticias","embeddable":true,"href":"https:\/\/portal.fgeo.gob.mx\/index.php\/wp-json\/wp\/v2\/categoria_noticias?post=16810"}],"curies":[{"name":"wp","href":"https:\/\/api.w.org\/{rel}","templated":true}]}}