{"id":16806,"date":"2025-06-04T15:49:23","date_gmt":"2025-06-04T21:49:23","guid":{"rendered":"https:\/\/fge.oaxaca.gob.mx\/?post_type=noticias&amp;p=9192"},"modified":"2025-06-04T15:49:23","modified_gmt":"2025-06-04T21:49:23","slug":"boletin-1510-logra-fgeo-vinculacion-a-proceso-contra-dos-personas-por-los-delitos-de-violacion-y-violencia-familiar-ocurridos-en-los-valles-centrales","status":"publish","type":"noticias","link":"https:\/\/portal.fgeo.gob.mx\/index.php\/archivos\/noticias\/boletin-1510-logra-fgeo-vinculacion-a-proceso-contra-dos-personas-por-los-delitos-de-violacion-y-violencia-familiar-ocurridos-en-los-valles-centrales","title":{"rendered":"BOLET\u00cdN 1,510.- Logra FGEO vinculaci\u00f3n a proceso contra dos personas por los delitos de violaci\u00f3n y violencia familiar, ocurridos en los Valles Centrales"},"content":{"rendered":"<p>&nbsp;<\/p>\n<p><strong>Oaxaca de Ju\u00e1rez a 04 de junio de 2025.-<\/strong> En acciones coordinadas en combate a delitos contra la mujer, la Fiscal\u00eda General del Estado de Oaxaca (FGEO) obtuvo auto de vinculaci\u00f3n a proceso en contra de dos personas, una por el delito de violaci\u00f3n agravada y otra por violencia familiar, hechos cometidos en distintos lugares de la regi\u00f3n de los Valles Centrales.<\/p>\n<p>&nbsp;<\/p>\n<p>En el caso del delito de violaci\u00f3n agravada, ocurri\u00f3 en el municipio de San Agust\u00edn de las Juntas donde un hombre agredi\u00f3 sexualmente a una mujer -cuyos datos est\u00e1n reservados por ley-.<\/p>\n<p>&nbsp;<\/p>\n<p>De acuerdo con el expediente penal del caso, la agresi\u00f3n se suscit\u00f3 en diversas ocasiones entre finales del mes de agosto y los primeros d\u00edas del mes octubre 2017, misma acci\u00f3n que se repiti\u00f3 el cuatro de noviembre de 2023 y nueve de mayo de 2024.<\/p>\n<p>&nbsp;<\/p>\n<p>La investigaci\u00f3n revela que la v\u00edctima sufr\u00eda violencia y amenazas, adem\u00e1s durante ese transcurso de violencia la v\u00edctima present\u00f3 trastorno de adaptaci\u00f3n mixto con ansiedad y estado de \u00e1nimo deprimido.<\/p>\n<p>&nbsp;<\/p>\n<p>Derivado de estos hechos y, tras la denuncia interpuesta ante la FGEO, se iniciaron las investigaciones correspondientes a trav\u00e9s de la Fiscal\u00eda Especializada para la Atenci\u00f3n a Delitos Contra la Mujer por Raz\u00f3n de G\u00e9nero, logrando aprehender a F.R.L., para presentarlo ante la autoridad judicial quien derivado de las pruebas, lo vincul\u00f3 a proceso por el delito de violaci\u00f3n agravada y le impuso prisi\u00f3n preventiva justificada.<\/p>\n<p><img fetchpriority=\"high\" decoding=\"async\" class=\"size-medium wp-image-9193 aligncenter\" src=\"https:\/\/portal.fgeo.gob.mx\/wp-content\/uploads\/2025\/06\/BOLET%C3%8DN-1510_IMAGEN-1-300x274.png\" alt=\"\" width=\"300\" height=\"274\" \/><\/p>\n<p>&nbsp;<\/p>\n<p>Respecto al delito de violencia familiar, el caso ocurri\u00f3 el 16 de mayo de 2025 en San Jacinto Amilpas, municipio conurbado a la capital de Oaxaca, lugar donde el imputado identificado como F.A.G.C., irrumpi\u00f3 el domicilio de la v\u00edctima para despu\u00e9s agredirla verbal y f\u00edsicamente.<\/p>\n<p>&nbsp;<\/p>\n<p>Tras estos hechos y derivado de la denuncia, la FGEO inici\u00f3 las investigaciones a trav\u00e9s de la Fiscal\u00eda Especializada para la Atenci\u00f3n a Delitos Contra la Mujer por Raz\u00f3n de G\u00e9nero que, derivado de los resultados obtuvo una orden de aprehensi\u00f3n para presentarlo ante la autoridad competente.<\/p>\n<p><img decoding=\"async\" class=\"size-medium wp-image-9194 aligncenter\" src=\"https:\/\/portal.fgeo.gob.mx\/wp-content\/uploads\/2025\/06\/BOLET%C3%8DN-1510_IMAGEN-2-141x300.png\" alt=\"\" width=\"141\" height=\"300\" \/><\/p>\n<p>&nbsp;<\/p>\n<p>Tras el desahogo de pruebas aportadas por la FGEO, el juez de la causa dict\u00f3 vinculaci\u00f3n a proceso por el delito de violencia familiar e impuso la medida cautelar de prisi\u00f3n preventiva justificada otorgando el plazo de un mes para el cierre de la investigaci\u00f3n complementaria.<\/p>\n<p>&nbsp;<\/p>\n<p>La Fiscal\u00eda de Oaxaca prioriza las investigaciones relacionadas con delitos cometidos contra mujeres, para presentar ante la justicia a los responsables a fin de garantizar el derecho a una vida libre de violencia.<\/p>\n<p>&nbsp;<\/p>\n<p>&nbsp;<\/p>\n","protected":false},"author":2,"featured_media":9119,"comment_status":"closed","ping_status":"closed","template":"","tags":[],"categoria_noticias":[],"class_list":["post-16806","noticias","type-noticias","status-publish","has-post-thumbnail","hentry"],"acf":[],"mb":[],"mfb_rest_fields":["title","gutenberg_elementor_mode"],"_links":{"self":[{"href":"https:\/\/portal.fgeo.gob.mx\/index.php\/wp-json\/wp\/v2\/noticias\/16806","targetHints":{"allow":["GET"]}}],"collection":[{"href":"https:\/\/portal.fgeo.gob.mx\/index.php\/wp-json\/wp\/v2\/noticias"}],"about":[{"href":"https:\/\/portal.fgeo.gob.mx\/index.php\/wp-json\/wp\/v2\/types\/noticias"}],"author":[{"embeddable":true,"href":"https:\/\/portal.fgeo.gob.mx\/index.php\/wp-json\/wp\/v2\/users\/2"}],"replies":[{"embeddable":true,"href":"https:\/\/portal.fgeo.gob.mx\/index.php\/wp-json\/wp\/v2\/comments?post=16806"}],"wp:featuredmedia":[{"embeddable":true,"href":"https:\/\/portal.fgeo.gob.mx\/index.php\/wp-json\/"}],"wp:attachment":[{"href":"https:\/\/portal.fgeo.gob.mx\/index.php\/wp-json\/wp\/v2\/media?parent=16806"}],"wp:term":[{"taxonomy":"post_tag","embeddable":true,"href":"https:\/\/portal.fgeo.gob.mx\/index.php\/wp-json\/wp\/v2\/tags?post=16806"},{"taxonomy":"categoria_noticias","embeddable":true,"href":"https:\/\/portal.fgeo.gob.mx\/index.php\/wp-json\/wp\/v2\/categoria_noticias?post=16806"}],"curies":[{"name":"wp","href":"https:\/\/api.w.org\/{rel}","templated":true}]}}