{"id":16804,"date":"2025-06-03T16:07:57","date_gmt":"2025-06-03T22:07:57","guid":{"rendered":"https:\/\/fge.oaxaca.gob.mx\/?post_type=noticias&amp;p=9180"},"modified":"2025-06-03T16:07:57","modified_gmt":"2025-06-03T22:07:57","slug":"boletin-1506-obtiene-fgeo-prision-preventiva-y-solicita-vinculacion-a-proceso-contra-imputado-por-abuso-sexual-de-una-nina-cometido-en-la-villa-de-zaachila","status":"publish","type":"noticias","link":"https:\/\/portal.fgeo.gob.mx\/index.php\/archivos\/noticias\/boletin-1506-obtiene-fgeo-prision-preventiva-y-solicita-vinculacion-a-proceso-contra-imputado-por-abuso-sexual-de-una-nina-cometido-en-la-villa-de-zaachila","title":{"rendered":"BOLET\u00cdN 1,506.- Obtiene FGEO prisi\u00f3n preventiva y solicita vinculaci\u00f3n a proceso contra imputado por abuso sexual de una ni\u00f1a, cometido en la Villa de Zaachila"},"content":{"rendered":"<p><strong>Oaxaca de Ju\u00e1rez a 03 de junio de 2025.- <\/strong>Como parte de la estrategia de cero tolerancia a delitos cometidos contra ni\u00f1as, adolescentes y mujeres, la Fiscal\u00eda General del Estado de Oaxaca (FGEO) aprehendi\u00f3 a una persona del sexo masculino identificado como S.H.A., imputado por el delito de abuso sexual agravado en agravio de una menor de edad, cometido en la Villa de Zaachila, en la regi\u00f3n de los Valles Centrales.<\/p>\n<p>Conforme al expediente penal del caso, los hechos ocurrieron los d\u00edas 7 y 14 de octubre de 2017, cuando la v\u00edctima (una ni\u00f1a de ocho a\u00f1os de edad, cuya identidad est\u00e1 reservada por ley) se encontraba en un domicilio ubicado en avenida Independencia de la agencia Vicente Guerrero, lugar donde el agresor la atac\u00f3.<\/p>\n<p>Ante estos hechos, y tras la denuncia interpuesta, la Fiscal\u00eda de Oaxaca inici\u00f3 las investigaciones correspondientes con perspectiva de infancia, a trav\u00e9s de la Vicefiscal\u00eda Regional de Valles Centrales, logrando obtener una orden de aprehensi\u00f3n contra S.H.A., por el delito de abuso sexual agravado.<\/p>\n<p>Una vez localizado, S.H.A. fue detenido por elementos de la Agencia Estatal de Investigaciones (AEI) y llevado ante el juez de control quien realiz\u00f3 la formulaci\u00f3n de imputaci\u00f3n.<\/p>\n<p>En tanto, la Fiscal\u00eda de Oaxaca hizo la solicitud de la vinculaci\u00f3n a proceso por el delito de abuso sexual agravado, logrando obtener la medida cautelar de prisi\u00f3n preventiva justificada a espera de la siguiente audiencia.<\/p>\n<p>La Fiscal\u00eda General del Estado de Oaxaca refrenda su compromiso de brindar una atenci\u00f3n integral a las v\u00edctimas, especialmente cuando se trata de delitos cometidos en contra de ni\u00f1as, ni\u00f1os y adolescentes a efecto de garantizar el derecho a una vida libre de violencia.<\/p>\n<p><img fetchpriority=\"high\" decoding=\"async\" class=\"alignnone size-medium wp-image-9181\" src=\"https:\/\/portal.fgeo.gob.mx\/wp-content\/uploads\/2025\/06\/Dise%C3%B1o-sin-t%C3%ADtulo-4-208x300.jpg\" alt=\"\" width=\"208\" height=\"300\" \/><\/p>\n","protected":false},"author":2,"featured_media":9119,"comment_status":"closed","ping_status":"closed","template":"","tags":[],"categoria_noticias":[],"class_list":["post-16804","noticias","type-noticias","status-publish","has-post-thumbnail","hentry"],"acf":[],"mb":[],"mfb_rest_fields":["title","gutenberg_elementor_mode"],"_links":{"self":[{"href":"https:\/\/portal.fgeo.gob.mx\/index.php\/wp-json\/wp\/v2\/noticias\/16804","targetHints":{"allow":["GET"]}}],"collection":[{"href":"https:\/\/portal.fgeo.gob.mx\/index.php\/wp-json\/wp\/v2\/noticias"}],"about":[{"href":"https:\/\/portal.fgeo.gob.mx\/index.php\/wp-json\/wp\/v2\/types\/noticias"}],"author":[{"embeddable":true,"href":"https:\/\/portal.fgeo.gob.mx\/index.php\/wp-json\/wp\/v2\/users\/2"}],"replies":[{"embeddable":true,"href":"https:\/\/portal.fgeo.gob.mx\/index.php\/wp-json\/wp\/v2\/comments?post=16804"}],"wp:featuredmedia":[{"embeddable":true,"href":"https:\/\/portal.fgeo.gob.mx\/index.php\/wp-json\/"}],"wp:attachment":[{"href":"https:\/\/portal.fgeo.gob.mx\/index.php\/wp-json\/wp\/v2\/media?parent=16804"}],"wp:term":[{"taxonomy":"post_tag","embeddable":true,"href":"https:\/\/portal.fgeo.gob.mx\/index.php\/wp-json\/wp\/v2\/tags?post=16804"},{"taxonomy":"categoria_noticias","embeddable":true,"href":"https:\/\/portal.fgeo.gob.mx\/index.php\/wp-json\/wp\/v2\/categoria_noticias?post=16804"}],"curies":[{"name":"wp","href":"https:\/\/api.w.org\/{rel}","templated":true}]}}