{"id":16802,"date":"2025-06-03T12:27:34","date_gmt":"2025-06-03T18:27:34","guid":{"rendered":"https:\/\/fge.oaxaca.gob.mx\/?post_type=noticias&amp;p=9176"},"modified":"2025-06-03T12:27:34","modified_gmt":"2025-06-03T18:27:34","slug":"boletin-1504-fiscalia-de-oaxaca-ejecuta-orden-de-aprehension-y-detencion-de-una-persona-por-homicidio-y-lesiones-calificadas-hechos-ocurridos-en-el-valle-de-etla-recibidos","status":"publish","type":"noticias","link":"https:\/\/portal.fgeo.gob.mx\/index.php\/archivos\/noticias\/boletin-1504-fiscalia-de-oaxaca-ejecuta-orden-de-aprehension-y-detencion-de-una-persona-por-homicidio-y-lesiones-calificadas-hechos-ocurridos-en-el-valle-de-etla-recibidos","title":{"rendered":"BOLET\u00cdN 1,504.- Fiscal\u00eda de Oaxaca ejecuta orden de aprehensi\u00f3n y detenci\u00f3n de una persona por homicidio y lesiones calificadas, hechos ocurridos en el valle de Etla Recibidos"},"content":{"rendered":"<p>&nbsp;<\/p>\n<p>&#8211; La persona detenida, pertenece a un grupo de pandilleros identificados como &#8220;cholos&#8221; que agredieron a las v\u00edctimas<\/p>\n<p><strong>Oaxaca de Ju\u00e1rez a 03 de junio de 2025.- <\/strong>La investigaci\u00f3n ministerial especializada que realizada la Fiscal\u00eda General del Estado de Oaxaca (FGEO) permiti\u00f3 ejecutar una orden de aprehensi\u00f3n en contra de una persona del sexo masculino identificada como A.A.C.A., por los delitos de homicidio calificado con ventaja y lesiones calificadas con ventaja, cometidos en agravio de tres personas en la regi\u00f3n de los Valles Centrales.<\/p>\n<p>De acuerdo con el expediente penal del caso, el 30 de marzo de 2025, las v\u00edctimas se encontraban cenando en un lugar ubicado frente al palacio municipal de San Felipe Tejal\u00e1pam, cuando un grupo de pandilleros identificados como &#8220;cholos&#8221; llegaron al lugar para agredirlos con piedras y armas punzo-cortantes, infligiendo lesiones que le provocaron la muerte a M.J.D., y dejando con severas lesiones a U.A.R. y a J.J.M.<\/p>\n<p>Derivado de los hechos, la FGEO inici\u00f3 las investigaciones correspondientes a trav\u00e9s de la Vicefiscal\u00eda General de Control Regional que permitieron obtener una orden de aprehensi\u00f3n contra A.A.C.A., por los delitos de homicidio y lesiones calificadas con ventaja.<\/p>\n<p>Una vez localizado, A.A.C.A. fue detenido por elementos de la Agencia Estatal de Investigaciones (AEI) para posteriormente ser puesto a disposici\u00f3n de la autoridad correspondiente para determinar su situaci\u00f3n jur\u00eddica.<\/p>\n<p>La Fiscal\u00eda de Oaxaca tiene el compromiso de realizar trabajos ministeriales minuciosos y con estricto apego a la ley para que las v\u00edctimas directas e indirectas tengan pleno acceso a la justicia.<\/p>\n<figure id=\"attachment_9177\" aria-describedby=\"caption-attachment-9177\" style=\"width: 300px\" class=\"wp-caption alignnone\"><img decoding=\"async\" class=\"size-medium wp-image-9177\" src=\"https:\/\/portal.fgeo.gob.mx\/wp-content\/uploads\/2025\/06\/Dise%C3%B1o-sin-t%C3%ADtulo-3-300x164.jpg\" alt=\"\" width=\"300\" height=\"164\" \/><figcaption id=\"caption-attachment-9177\" class=\"wp-caption-text\">Dise\u00f1o sin t\u00edtulo &#8211; 1<\/figcaption><\/figure>\n","protected":false},"author":2,"featured_media":9119,"comment_status":"closed","ping_status":"closed","template":"","tags":[],"categoria_noticias":[],"class_list":["post-16802","noticias","type-noticias","status-publish","has-post-thumbnail","hentry"],"acf":[],"mb":[],"mfb_rest_fields":["title","gutenberg_elementor_mode"],"_links":{"self":[{"href":"https:\/\/portal.fgeo.gob.mx\/index.php\/wp-json\/wp\/v2\/noticias\/16802","targetHints":{"allow":["GET"]}}],"collection":[{"href":"https:\/\/portal.fgeo.gob.mx\/index.php\/wp-json\/wp\/v2\/noticias"}],"about":[{"href":"https:\/\/portal.fgeo.gob.mx\/index.php\/wp-json\/wp\/v2\/types\/noticias"}],"author":[{"embeddable":true,"href":"https:\/\/portal.fgeo.gob.mx\/index.php\/wp-json\/wp\/v2\/users\/2"}],"replies":[{"embeddable":true,"href":"https:\/\/portal.fgeo.gob.mx\/index.php\/wp-json\/wp\/v2\/comments?post=16802"}],"wp:featuredmedia":[{"embeddable":true,"href":"https:\/\/portal.fgeo.gob.mx\/index.php\/wp-json\/"}],"wp:attachment":[{"href":"https:\/\/portal.fgeo.gob.mx\/index.php\/wp-json\/wp\/v2\/media?parent=16802"}],"wp:term":[{"taxonomy":"post_tag","embeddable":true,"href":"https:\/\/portal.fgeo.gob.mx\/index.php\/wp-json\/wp\/v2\/tags?post=16802"},{"taxonomy":"categoria_noticias","embeddable":true,"href":"https:\/\/portal.fgeo.gob.mx\/index.php\/wp-json\/wp\/v2\/categoria_noticias?post=16802"}],"curies":[{"name":"wp","href":"https:\/\/api.w.org\/{rel}","templated":true}]}}