{"id":16801,"date":"2025-06-03T10:25:38","date_gmt":"2025-06-03T16:25:38","guid":{"rendered":"https:\/\/fge.oaxaca.gob.mx\/?post_type=noticias&amp;p=9174"},"modified":"2025-06-03T10:25:38","modified_gmt":"2025-06-03T16:25:38","slug":"boletin-1503-obtiene-fgeo-vinculacion-a-proceso-y-prision-contra-imputado-por-homicidio-de-una-mujer-y-tentativa-de-homicidio-de-otra-persona-ocurridos-en-la-carretera-a-monte-alban","status":"publish","type":"noticias","link":"https:\/\/portal.fgeo.gob.mx\/index.php\/archivos\/noticias\/boletin-1503-obtiene-fgeo-vinculacion-a-proceso-y-prision-contra-imputado-por-homicidio-de-una-mujer-y-tentativa-de-homicidio-de-otra-persona-ocurridos-en-la-carretera-a-monte-alban","title":{"rendered":"BOLET\u00cdN 1,503.-Obtiene FGEO vinculaci\u00f3n a proceso y prisi\u00f3n contra imputado por homicidio de una mujer y tentativa de homicidio de otra persona, ocurridos en la carretera a Monte Alb\u00e1n"},"content":{"rendered":"<p><strong>Oaxaca de Ju\u00e1rez a 03 de junio de 2025.- <\/strong>La Fiscal\u00eda General del Estado de Oaxaca (FGEO) obtuvo auto de vinculaci\u00f3n a proceso en contra de una persona del sexo masculino identificada como E.M.S. o E.S.M., por el delito de homicidio calificado con ventaja y tentativa de homicidio calificado con ventaja, el primero en agravio de M.C.H.R. (mujer), y el segundo en agravio de L.N.L.S., cometido en la regi\u00f3n de los Valles Centrales.<\/p>\n<p>De acuerdo con lo asentado en el expediente penal del caso, los hechos ocurrieron la noche del 03 de mayo de 2024, cuando las v\u00edctimas M.C.H.R. y L.N.L.S., fueron sometidos por un grupo de personas que los trasladaron a una casa de seguridad donde golpearon a las v\u00edctimas.<\/p>\n<p>La investigaci\u00f3n revela que, la ma\u00f1ana del 04 de mayo de 2024, las v\u00edctimas fueron llevadas a una orilla de la Carretera Nueva a Monte Alb\u00e1n, perteneciente al municipio de Santa Mar\u00eda Atzompa, donde fueron atacados con un arma blanca.<\/p>\n<p>En el lugar, la v\u00edctima M.C.H.R., sufri\u00f3 lesiones que le provocaron la muerte, mientras que L.N.L.S., result\u00f3 con heridas en diversas partes del cuerpo, lo dieron por fallecido, por lo que, los agresores los dejaron abandonados en el lugar.<\/p>\n<p>Tras estos hechos, la Fiscal\u00eda de Oaxaca inici\u00f3 las investigaciones correspondientes con perspectiva de g\u00e9nero, las cuales quedaron a cargo de la Fiscal\u00eda Especializada para la Atenci\u00f3n de Delitos contra la Mujer por Raz\u00f3n de G\u00e9nero y la Fiscal\u00eda Especializada en Feminicidios, logrando obtener una orden de aprehensi\u00f3n en contra del imputado, la cual fue ejecutada por elementos de la Agencia Estatal de Investigaciones (AEI) quienes dieron con el paradero del imputado y posteriormente llevaron a cabo la detenci\u00f3n de E.M.S. o E.S.M.<\/p>\n<p>Una vez valorados los datos de prueba aportados por la Fiscal\u00eda de Oaxaca, el Juez en turno dict\u00f3 auto de vinculaci\u00f3n a proceso en contra de E.M.S. o E.S.M., por el delito de homicidio calificado con ventaja y tentativa de homicidio calificado con ventaja, adem\u00e1s de imponer la medida cautelar de prisi\u00f3n preventiva, otorgando el plazo de tres meses para el cierre de investigaci\u00f3n complementaria.<\/p>\n<p>La Fiscal\u00eda de Oaxaca garantiza investigaciones exhaustivas para esclarecer delitos, aplicando herramientas legales para castigar a quien o quienes resulten responsables.<\/p>\n<figure id=\"attachment_9175\" aria-describedby=\"caption-attachment-9175\" style=\"width: 300px\" class=\"wp-caption alignnone\"><img decoding=\"async\" class=\"size-medium wp-image-9175\" src=\"https:\/\/portal.fgeo.gob.mx\/wp-content\/uploads\/2025\/06\/Dise%C3%B1o-sin-t%C3%ADtulo-2-300x127.jpg\" alt=\"\" width=\"300\" height=\"127\" \/><figcaption id=\"caption-attachment-9175\" class=\"wp-caption-text\">Dise\u00f1o sin t\u00edtulo &#8211; 1<\/figcaption><\/figure>\n","protected":false},"author":2,"featured_media":9119,"comment_status":"closed","ping_status":"closed","template":"","tags":[],"categoria_noticias":[],"class_list":["post-16801","noticias","type-noticias","status-publish","has-post-thumbnail","hentry"],"acf":[],"mb":[],"mfb_rest_fields":["title","gutenberg_elementor_mode"],"_links":{"self":[{"href":"https:\/\/portal.fgeo.gob.mx\/index.php\/wp-json\/wp\/v2\/noticias\/16801","targetHints":{"allow":["GET"]}}],"collection":[{"href":"https:\/\/portal.fgeo.gob.mx\/index.php\/wp-json\/wp\/v2\/noticias"}],"about":[{"href":"https:\/\/portal.fgeo.gob.mx\/index.php\/wp-json\/wp\/v2\/types\/noticias"}],"author":[{"embeddable":true,"href":"https:\/\/portal.fgeo.gob.mx\/index.php\/wp-json\/wp\/v2\/users\/2"}],"replies":[{"embeddable":true,"href":"https:\/\/portal.fgeo.gob.mx\/index.php\/wp-json\/wp\/v2\/comments?post=16801"}],"wp:featuredmedia":[{"embeddable":true,"href":"https:\/\/portal.fgeo.gob.mx\/index.php\/wp-json\/"}],"wp:attachment":[{"href":"https:\/\/portal.fgeo.gob.mx\/index.php\/wp-json\/wp\/v2\/media?parent=16801"}],"wp:term":[{"taxonomy":"post_tag","embeddable":true,"href":"https:\/\/portal.fgeo.gob.mx\/index.php\/wp-json\/wp\/v2\/tags?post=16801"},{"taxonomy":"categoria_noticias","embeddable":true,"href":"https:\/\/portal.fgeo.gob.mx\/index.php\/wp-json\/wp\/v2\/categoria_noticias?post=16801"}],"curies":[{"name":"wp","href":"https:\/\/api.w.org\/{rel}","templated":true}]}}