{"id":16800,"date":"2025-06-02T16:00:27","date_gmt":"2025-06-02T22:00:27","guid":{"rendered":"https:\/\/fge.oaxaca.gob.mx\/?post_type=noticias&amp;p=9169"},"modified":"2025-06-02T16:00:27","modified_gmt":"2025-06-02T22:00:27","slug":"boletin-1502-fiscalia-de-oaxaca-obtiene-vinculacion-contra-imputado-por-robo-con-violencia-en-barberia-de-la-colonia-aleman-en-xoxo","status":"publish","type":"noticias","link":"https:\/\/portal.fgeo.gob.mx\/index.php\/archivos\/noticias\/boletin-1502-fiscalia-de-oaxaca-obtiene-vinculacion-contra-imputado-por-robo-con-violencia-en-barberia-de-la-colonia-aleman-en-xoxo","title":{"rendered":"BOLET\u00cdN 1,502.- Fiscal\u00eda de Oaxaca obtiene vinculaci\u00f3n contra imputado por robo con violencia en barber\u00eda de la Colonia Alem\u00e1n, en Xoxo"},"content":{"rendered":"<p><strong>Fiscal\u00eda de Oaxaca obtiene vinculaci\u00f3n contra imputado por robo con violencia en barber\u00eda de la Colonia Alem\u00e1n, en Xoxo<\/strong><\/p>\n<p><em>* Durante el robo, apu\u00f1alaron a la v\u00edctima<\/em><\/p>\n<p><em>\u00a0<\/em><em>* En un segundo caso, tambi\u00e9n se logr\u00f3 la detenci\u00f3n de dos personas que empujaban una motocicleta con reporte de robo<\/em><\/p>\n<p><strong>\u00a0<\/strong><strong>Oaxaca de Ju\u00e1rez a 02 de junio de 2025.- <\/strong>En acciones coordinadas contra los delitos patrimoniales, la Fiscal\u00eda General del Estado de Oaxaca (FGEO) obtuvo una vinculaci\u00f3n a proceso y prisi\u00f3n contra dos personas por delitos patrimoniales y portaci\u00f3n de arma.<\/p>\n<p>En el primer caso, la Fiscal\u00eda de Oaxaca a trav\u00e9s de la Vicefiscal\u00eda Regional de Valles Centrales, obtuvo vinculaci\u00f3n a proceso y prisi\u00f3n en contra de A.G.C., imputado por el delito de tentativa de robo calificado con violencia f\u00edsica a las personas y tentativa de robo espec\u00edfico cometido en jurisdicci\u00f3n de Oaxaca de Ju\u00e1rez.<\/p>\n<p>De acuerdo con el expediente penal del caso, los hechos ocurrieron el 21 de mayo de 2025, cuando la v\u00edctima un hombre identificado como U.L.G., se encontraba laborando en el interior de una barber\u00eda ubicada en avenida S\u00edmbolos Patrios n\u00famero 222 de la colonia Miguel Alem\u00e1n, lugar donde entr\u00f3 el imputado haci\u00e9ndose pasar como cliente, para posteriormente amenazarlo con un arma punzocortante e intentar despojarlo de sus pertenencias.<\/p>\n<p>La investigaci\u00f3n revela que la v\u00edctima intent\u00f3 defenderse y al forcejear, el imputado lo agredi\u00f3 con el arma punzocortante infligiendo heridas que pusieron en peligro su vida.<\/p>\n<p>Tras estos hechos y la llamada de auxilio de la v\u00edctima, el imputado fue detenido por polic\u00edas municipales de la zona cuando este intent\u00f3 darse a la fuga, posteriormente fue puesto a disposici\u00f3n del ministerio p\u00fablico.<\/p>\n<p>Tras el desahogo de pruebas aportadas por la FGEO, el Juez que atiende causa vincul\u00f3 a proceso a A.G.C., por el delito de tentativa de robo calificado y tentativa de robo espec\u00edfico e impuso la medida cautelar de prisi\u00f3n preventiva justificada.<\/p>\n<p><img fetchpriority=\"high\" decoding=\"async\" class=\"alignnone size-medium wp-image-9170\" src=\"https:\/\/portal.fgeo.gob.mx\/wp-content\/uploads\/2025\/06\/WhatsApp-Image-2025-06-02-at-11.20.54-AM-300x229.jpeg\" alt=\"\" width=\"300\" height=\"229\" \/><\/p>\n<p>En el segundo caso, la Fiscal\u00eda de Oaxaca a trav\u00e9s de la Vicefiscal\u00eda Regional del Istmo detuvo a dos personas del sexo masculino identificados como L.D.L.O., y J.C.S.R., por los delitos de equiparado al robo espec\u00edfico y portaci\u00f3n de arma de fuego.<\/p>\n<p>De acuerdo con el expediente penal, L.D.L.O., y J.C.S.R., fueron detenidos por elementos de seguridad sobre la calle Matamoros de San Blas Atempa, cuando fueron sorprendidos empujando una motocicleta que contaba con reporte de robo activo.<\/p>\n<p><img decoding=\"async\" class=\"alignnone size-medium wp-image-9171\" src=\"https:\/\/portal.fgeo.gob.mx\/wp-content\/uploads\/2025\/06\/WhatsApp-Image-2025-06-02-at-11.21.15-AM-1-300x183.jpeg\" alt=\"\" width=\"300\" height=\"183\" \/><\/p>\n<p>El expediente detalla que la detenci\u00f3n se realiz\u00f3 debido al comportamiento de ambas personas que mostraron una actitud sospechosa y, luego de realizarles la inspecci\u00f3n les hallaron entre sus pertenencias un arma de fuego larga.<\/p>\n<p>Ambas personas quedaron a disposici\u00f3n del ministerio p\u00fablico para su proceso legal correspondiente.<\/p>\n<p>Estas acciones, forman parte del trabajo que realiza la Fiscal\u00eda de Oaxaca para combatir la comisi\u00f3n de delitos de alto impacto, a fin de garantizar la seguridad p\u00fablica a favor de la ciudadan\u00eda.<\/p>\n","protected":false},"author":2,"featured_media":9119,"comment_status":"closed","ping_status":"closed","template":"","tags":[],"categoria_noticias":[],"class_list":["post-16800","noticias","type-noticias","status-publish","has-post-thumbnail","hentry"],"acf":[],"mb":[],"mfb_rest_fields":["title","gutenberg_elementor_mode"],"_links":{"self":[{"href":"https:\/\/portal.fgeo.gob.mx\/index.php\/wp-json\/wp\/v2\/noticias\/16800","targetHints":{"allow":["GET"]}}],"collection":[{"href":"https:\/\/portal.fgeo.gob.mx\/index.php\/wp-json\/wp\/v2\/noticias"}],"about":[{"href":"https:\/\/portal.fgeo.gob.mx\/index.php\/wp-json\/wp\/v2\/types\/noticias"}],"author":[{"embeddable":true,"href":"https:\/\/portal.fgeo.gob.mx\/index.php\/wp-json\/wp\/v2\/users\/2"}],"replies":[{"embeddable":true,"href":"https:\/\/portal.fgeo.gob.mx\/index.php\/wp-json\/wp\/v2\/comments?post=16800"}],"wp:featuredmedia":[{"embeddable":true,"href":"https:\/\/portal.fgeo.gob.mx\/index.php\/wp-json\/"}],"wp:attachment":[{"href":"https:\/\/portal.fgeo.gob.mx\/index.php\/wp-json\/wp\/v2\/media?parent=16800"}],"wp:term":[{"taxonomy":"post_tag","embeddable":true,"href":"https:\/\/portal.fgeo.gob.mx\/index.php\/wp-json\/wp\/v2\/tags?post=16800"},{"taxonomy":"categoria_noticias","embeddable":true,"href":"https:\/\/portal.fgeo.gob.mx\/index.php\/wp-json\/wp\/v2\/categoria_noticias?post=16800"}],"curies":[{"name":"wp","href":"https:\/\/api.w.org\/{rel}","templated":true}]}}