{"id":16797,"date":"2025-05-31T11:15:15","date_gmt":"2025-05-31T17:15:15","guid":{"rendered":"https:\/\/fge.oaxaca.gob.mx\/?post_type=noticias&amp;p=9142"},"modified":"2025-05-31T11:15:15","modified_gmt":"2025-05-31T17:15:15","slug":"boletin-1499-fiscalia-de-oaxaca-reconoce-a-seis-elementos-de-la-aei-por-su-servicio-en-el-marco-de-su-jubilacion","status":"publish","type":"noticias","link":"https:\/\/portal.fgeo.gob.mx\/index.php\/archivos\/noticias\/boletin-1499-fiscalia-de-oaxaca-reconoce-a-seis-elementos-de-la-aei-por-su-servicio-en-el-marco-de-su-jubilacion","title":{"rendered":"BOLET\u00cdN 1499.- Fiscal\u00eda de Oaxaca reconoce a seis elementos de la AEI por su servicio, en el marco de su jubilaci\u00f3n"},"content":{"rendered":"<p>&nbsp;<\/p>\n<p><strong>Oaxaca de Ju\u00e1rez, Oax.\u00a0 31 de mayo de 2025<\/strong>.-\u00a0 La Fiscal\u00eda General del Estado de Oaxaca, a trav\u00e9s de la Agencia Estatal de Investigaciones (AEI), realiz\u00f3 el \u00faltimo pase de lista e hizo una ceremonia de reconocimiento a seis elementos que alcanzaron el beneficio de la jubilaci\u00f3n, luego de m\u00e1s de 25 a\u00f1os de servicio a la ciudadan\u00eda con su trabajo en la Instituci\u00f3n procuradora de justicia.<\/p>\n<p>El \u00faltimo pase de lista fue para Eduardo Jaime Ram\u00edrez Castellanos, Beatriz Flores S\u00e1nchez, Jorge Saucedo Hern\u00e1ndez, Isabela Pi\u00f1a y Hugo L\u00f3pez Garc\u00eda, por su destacada labor y desempe\u00f1o efectuado durante m\u00e1s de 25 a\u00f1os de antig\u00fcedad laborando en la Instituci\u00f3n.<\/p>\n<p>Los seis agentes estatales de investigaci\u00f3n que alcanzaron el retiro, estuvieron acompa\u00f1ados por sus familias, pues se\u00f1alaron que han sido el pilar y la motivaci\u00f3n para cumplir con m\u00e1s de dos d\u00e9cadas al servicio de las oaxaque\u00f1as y oaxaque\u00f1os.<\/p>\n<p>En la ceremonia de jubilaci\u00f3n estuvieron presentes el Coordinador de la AEI, Jaciel Salvador V\u00e1squez Castro; el encargado de despacho de la Vicefiscal\u00eda Regional de Valles Centrales, Samuel Jim\u00e9nez Acevedo, y el Comandante y director de An\u00e1lisis, Jacob Israel Guzm\u00e1n Hern\u00e1ndez.<\/p>\n<p>Durante su participaci\u00f3n, el Coordinador de la AEI, Jaciel Salvador V\u00e1squez Castro destac\u00f3 el profesionalismo, compromiso y valent\u00eda de las y los servidores p\u00fablicos por su loable labor al servicio de la Instituci\u00f3n.<\/p>\n<p>Por su parte, el encargado de despacho de la Vicefiscal\u00eda Regional de Valles Centrales, Samuel Jim\u00e9nez Acevedo, en representaci\u00f3n del Fiscal General Bernardo Rodr\u00edguez Alamilla, resalt\u00f3 la importancia del rol que desempe\u00f1an cada uno de los elementos, pues \u201csu compromiso con la instituci\u00f3n y la ciudadan\u00eda es clave para fortalecer las t\u00e9cnicas de investigaci\u00f3n y con ello, procurar seguridad y justicia en el estado.<\/p>\n<p>La Fiscal\u00eda General del Estado reconoce el valor de hombres y mujeres que integran la Agencia Estatal de Investigaciones, quienes tienen un papel relevante dentro del engranaje institucional, en la procuraci\u00f3n de justicia en beneficio de la ciudadan\u00eda.<\/p>\n<p><img fetchpriority=\"high\" decoding=\"async\" class=\"alignnone size-medium wp-image-9143\" src=\"https:\/\/portal.fgeo.gob.mx\/wp-content\/uploads\/2025\/05\/BOLET%C3%8DN-1499.-Fiscal%C3%ADa-de-Oaxaca-reconoce-a-seis-elementos-de-la-AEI-por-su-servicio-en-el-marco-de-su-jubilaci%C3%B3n1-300x228.jpeg\" alt=\"\" width=\"300\" height=\"228\" \/> <img decoding=\"async\" class=\"alignnone size-medium wp-image-9144\" src=\"https:\/\/portal.fgeo.gob.mx\/wp-content\/uploads\/2025\/05\/BOLET%C3%8DN-1499.-Fiscal%C3%ADa-de-Oaxaca-reconoce-a-seis-elementos-de-la-AEI-por-su-servicio-en-el-marco-de-su-jubilaci%C3%B3n2-300x275.jpeg\" alt=\"\" width=\"300\" height=\"275\" \/> <img decoding=\"async\" class=\"alignnone size-medium wp-image-9145\" src=\"https:\/\/portal.fgeo.gob.mx\/wp-content\/uploads\/2025\/05\/BOLET%C3%8DN-1499.-Fiscal%C3%ADa-de-Oaxaca-reconoce-a-seis-elementos-de-la-AEI-por-su-servicio-en-el-marco-de-su-jubilaci%C3%B3n-300x200.jpeg\" alt=\"\" width=\"300\" height=\"200\" \/> <img loading=\"lazy\" decoding=\"async\" class=\"alignnone size-medium wp-image-9146\" src=\"https:\/\/portal.fgeo.gob.mx\/wp-content\/uploads\/2025\/05\/BOLET%C3%8DN-1499.-Fiscal%C3%ADa-de-Oaxaca-reconoce-a-seis-elementos-de-la-AEI-por-su-servicio-en-el-marco-de-su-jubilaci%C3%B3n4-293x300.jpeg\" alt=\"\" width=\"293\" height=\"300\" \/> <img loading=\"lazy\" decoding=\"async\" class=\"alignnone size-medium wp-image-9147\" src=\"https:\/\/portal.fgeo.gob.mx\/wp-content\/uploads\/2025\/05\/BOLET%C3%8DN-1499.-Fiscal%C3%ADa-de-Oaxaca-reconoce-a-seis-elementos-de-la-AEI-por-su-servicio-en-el-marco-de-su-jubilaci%C3%B3n5-300x200.jpeg\" alt=\"\" width=\"300\" height=\"200\" \/> <img loading=\"lazy\" decoding=\"async\" class=\"alignnone size-medium wp-image-9148\" src=\"https:\/\/portal.fgeo.gob.mx\/wp-content\/uploads\/2025\/05\/BOLET%C3%8DN-1499.-Fiscal%C3%ADa-de-Oaxaca-reconoce-a-seis-elementos-de-la-AEI-por-su-servicio-en-el-marco-de-su-jubilaci%C3%B3n6-300x200.jpeg\" alt=\"\" width=\"300\" height=\"200\" \/> <img loading=\"lazy\" decoding=\"async\" class=\"alignnone size-medium wp-image-9149\" src=\"https:\/\/portal.fgeo.gob.mx\/wp-content\/uploads\/2025\/05\/BOLET%C3%8DN-1499.-Fiscal%C3%ADa-de-Oaxaca-reconoce-a-seis-elementos-de-la-AEI-por-su-servicio-en-el-marco-de-su-jubilaci%C3%B3n7-300x220.jpeg\" alt=\"\" width=\"300\" height=\"220\" \/> <img loading=\"lazy\" decoding=\"async\" class=\"alignnone size-medium wp-image-9150\" src=\"https:\/\/portal.fgeo.gob.mx\/wp-content\/uploads\/2025\/05\/BOLET%C3%8DN-1499.-Fiscal%C3%ADa-de-Oaxaca-reconoce-a-seis-elementos-de-la-AEI-por-su-servicio-en-el-marco-de-su-jubilaci%C3%B3n8-300x143.jpeg\" alt=\"\" width=\"300\" height=\"143\" \/> <img loading=\"lazy\" decoding=\"async\" class=\"alignnone size-medium wp-image-9151\" src=\"https:\/\/portal.fgeo.gob.mx\/wp-content\/uploads\/2025\/05\/BOLET%C3%8DN-1499.-Fiscal%C3%ADa-de-Oaxaca-reconoce-a-seis-elementos-de-la-AEI-por-su-servicio-en-el-marco-de-su-jubilaci%C3%B3n9-300x286.jpeg\" alt=\"\" width=\"300\" height=\"286\" \/> <img loading=\"lazy\" decoding=\"async\" class=\"alignnone size-medium wp-image-9152\" src=\"https:\/\/portal.fgeo.gob.mx\/wp-content\/uploads\/2025\/05\/BOLET%C3%8DN-1499.-Fiscal%C3%ADa-de-Oaxaca-reconoce-a-seis-elementos-de-la-AEI-por-su-servicio-en-el-marco-de-su-jubilaci%C3%B3n10-300x157.jpeg\" alt=\"\" width=\"300\" height=\"157\" \/> <img loading=\"lazy\" decoding=\"async\" class=\"alignnone size-medium wp-image-9153\" src=\"https:\/\/portal.fgeo.gob.mx\/wp-content\/uploads\/2025\/05\/BOLET%C3%8DN-1499.-Fiscal%C3%ADa-de-Oaxaca-reconoce-a-seis-elementos-de-la-AEI-por-su-servicio-en-el-marco-de-su-jubilaci%C3%B3n11-300x200.jpeg\" alt=\"\" width=\"300\" height=\"200\" \/> <img loading=\"lazy\" decoding=\"async\" class=\"alignnone size-medium wp-image-9154\" src=\"https:\/\/portal.fgeo.gob.mx\/wp-content\/uploads\/2025\/05\/BOLET%C3%8DN-1499.-Fiscal%C3%ADa-de-Oaxaca-reconoce-a-seis-elementos-de-la-AEI-por-su-servicio-en-el-marco-de-su-jubilaci%C3%B3n12-300x208.jpeg\" alt=\"\" width=\"300\" height=\"208\" \/> <img loading=\"lazy\" decoding=\"async\" class=\"alignnone size-medium wp-image-9155\" src=\"https:\/\/portal.fgeo.gob.mx\/wp-content\/uploads\/2025\/05\/BOLET%C3%8DN-1499.-Fiscal%C3%ADa-de-Oaxaca-reconoce-a-seis-elementos-de-la-AEI-por-su-servicio-en-el-marco-de-su-jubilaci%C3%B3n13-300x220.jpeg\" alt=\"\" width=\"300\" height=\"220\" \/> <img loading=\"lazy\" decoding=\"async\" class=\"alignnone size-medium wp-image-9156\" src=\"https:\/\/portal.fgeo.gob.mx\/wp-content\/uploads\/2025\/05\/BOLET%C3%8DN-1499.-Fiscal%C3%ADa-de-Oaxaca-reconoce-a-seis-elementos-de-la-AEI-por-su-servicio-en-el-marco-de-su-jubilaci%C3%B3n14-300x170.jpeg\" alt=\"\" width=\"300\" height=\"170\" \/> <img loading=\"lazy\" decoding=\"async\" class=\"alignnone size-medium wp-image-9157\" src=\"https:\/\/portal.fgeo.gob.mx\/wp-content\/uploads\/2025\/05\/BOLET%C3%8DN-1499.-Fiscal%C3%ADa-de-Oaxaca-reconoce-a-seis-elementos-de-la-AEI-por-su-servicio-en-el-marco-de-su-jubilaci%C3%B3n15-300x200.jpeg\" alt=\"\" width=\"300\" height=\"200\" \/> <img loading=\"lazy\" decoding=\"async\" class=\"alignnone size-medium wp-image-9158\" src=\"https:\/\/portal.fgeo.gob.mx\/wp-content\/uploads\/2025\/05\/BOLET%C3%8DN-1499.-Fiscal%C3%ADa-de-Oaxaca-reconoce-a-seis-elementos-de-la-AEI-por-su-servicio-en-el-marco-de-su-jubilaci%C3%B3n16-300x200.jpeg\" alt=\"\" width=\"300\" height=\"200\" \/><\/p>\n","protected":false},"author":2,"featured_media":9119,"comment_status":"closed","ping_status":"closed","template":"","tags":[],"categoria_noticias":[],"class_list":["post-16797","noticias","type-noticias","status-publish","has-post-thumbnail","hentry"],"acf":[],"mb":[],"mfb_rest_fields":["title","gutenberg_elementor_mode"],"_links":{"self":[{"href":"https:\/\/portal.fgeo.gob.mx\/index.php\/wp-json\/wp\/v2\/noticias\/16797","targetHints":{"allow":["GET"]}}],"collection":[{"href":"https:\/\/portal.fgeo.gob.mx\/index.php\/wp-json\/wp\/v2\/noticias"}],"about":[{"href":"https:\/\/portal.fgeo.gob.mx\/index.php\/wp-json\/wp\/v2\/types\/noticias"}],"author":[{"embeddable":true,"href":"https:\/\/portal.fgeo.gob.mx\/index.php\/wp-json\/wp\/v2\/users\/2"}],"replies":[{"embeddable":true,"href":"https:\/\/portal.fgeo.gob.mx\/index.php\/wp-json\/wp\/v2\/comments?post=16797"}],"wp:featuredmedia":[{"embeddable":true,"href":"https:\/\/portal.fgeo.gob.mx\/index.php\/wp-json\/"}],"wp:attachment":[{"href":"https:\/\/portal.fgeo.gob.mx\/index.php\/wp-json\/wp\/v2\/media?parent=16797"}],"wp:term":[{"taxonomy":"post_tag","embeddable":true,"href":"https:\/\/portal.fgeo.gob.mx\/index.php\/wp-json\/wp\/v2\/tags?post=16797"},{"taxonomy":"categoria_noticias","embeddable":true,"href":"https:\/\/portal.fgeo.gob.mx\/index.php\/wp-json\/wp\/v2\/categoria_noticias?post=16797"}],"curies":[{"name":"wp","href":"https:\/\/api.w.org\/{rel}","templated":true}]}}