{"id":16795,"date":"2025-05-30T17:00:14","date_gmt":"2025-05-30T23:00:14","guid":{"rendered":"https:\/\/fge.oaxaca.gob.mx\/?post_type=noticias&amp;p=9136"},"modified":"2025-05-30T17:00:14","modified_gmt":"2025-05-30T23:00:14","slug":"boletin-1497-obtiene-fgeo-vinculacion-a-proceso-y-prision-contra-imputado-por-robo-con-violencia-contra-una-mujer-adulta-mayor-cometido-en-la-colonia-reforma-de-oaxaca-de-juarez","status":"publish","type":"noticias","link":"https:\/\/portal.fgeo.gob.mx\/index.php\/archivos\/noticias\/boletin-1497-obtiene-fgeo-vinculacion-a-proceso-y-prision-contra-imputado-por-robo-con-violencia-contra-una-mujer-adulta-mayor-cometido-en-la-colonia-reforma-de-oaxaca-de-juarez","title":{"rendered":"BOLET\u00cdN 1,497.- Obtiene FGEO vinculaci\u00f3n a proceso y prisi\u00f3n contra imputado por robo con violencia contra una mujer adulta mayor, cometido en la colonia Reforma de Oaxaca de Ju\u00e1rez"},"content":{"rendered":"<p><strong>Oaxaca de Ju\u00e1rez a 30 de mayo de 2025.- <\/strong>La Fiscal\u00eda General del Estado de Oaxaca (FGEO) obtuvo auto de Vinculaci\u00f3n a Proceso en contra de una persona del sexo masculino identificada como J.A.C.J., imputado por el delito de robo con violencia moral a las personas cometida en los Valles Centrales.<\/p>\n<p>De acuerdo con lo establecido en el expediente penal, los hechos ocurrieron el 10 de enero de 2025, cuando la v\u00edctima, una mujer de 76 a\u00f1os de edad, se encontraba en inmediaciones de un centro comercial que se ubica en las calles de Heroica Escuela Naval y Pensamientos de la colonia Reforma, en la ciudad de Oaxaca.<\/p>\n<p>La investigaci\u00f3n detalla que, a la v\u00edctima se le acerc\u00f3 primero una persona quien con enga\u00f1os intent\u00f3 ganarse su confianza, pero al no conseguirla lleg\u00f3 el imputado J.A.C.J., quien la intercept\u00f3 con un arma punzocortante para exigirle dinero y posteriormente acudir a una sucursal bancaria y despojarla de una fuerte suma de dinero en efectivo.<\/p>\n<p>Tras estos hechos, y derivado de la denuncia ante la Fiscal\u00eda, se iniciaron las investigaciones a trav\u00e9s de la Vicefiscal\u00eda Regional de Valles Centrales, que inici\u00f3 las investigaciones ministeriales las cuales permitieron obtener la orden de aprehensi\u00f3n y posteriormente, la detenci\u00f3n de J.A.C.J., quien fue presentado ante la autoridad que los requiri\u00f3 para su proceso legal correspondiente.<\/p>\n<p>La FGEO aport\u00f3 los datos de prueba que evalu\u00f3 el Juez que atiende la causa, quien dict\u00f3 vinculaci\u00f3n a proceso contra J.A.C.J., por el delito de robo con violencia moral a las personas, adem\u00e1s de imponer la medida cautelar respectiva mientras se concluye la investigaci\u00f3n complementaria.<\/p>\n<p>En delitos de alto impacto, la Fiscal\u00eda General de Oaxaca realiza investigaciones exhaustivas para dar con quien o quienes resulten responsables, present\u00e1ndolos ante la justicia y aplicando todo el rigor de la Ley.<\/p>\n<p><img fetchpriority=\"high\" decoding=\"async\" class=\"size-medium wp-image-9137\" src=\"https:\/\/portal.fgeo.gob.mx\/wp-content\/uploads\/2025\/05\/Dise%C3%B1o-sin-t%C3%ADtulo-27-293x300.jpg\" alt=\"\" width=\"293\" height=\"300\" \/><\/p>\n<p>&nbsp;<\/p>\n","protected":false},"author":2,"featured_media":9119,"comment_status":"closed","ping_status":"closed","template":"","tags":[],"categoria_noticias":[],"class_list":["post-16795","noticias","type-noticias","status-publish","has-post-thumbnail","hentry"],"acf":[],"mb":[],"mfb_rest_fields":["title","gutenberg_elementor_mode"],"_links":{"self":[{"href":"https:\/\/portal.fgeo.gob.mx\/index.php\/wp-json\/wp\/v2\/noticias\/16795","targetHints":{"allow":["GET"]}}],"collection":[{"href":"https:\/\/portal.fgeo.gob.mx\/index.php\/wp-json\/wp\/v2\/noticias"}],"about":[{"href":"https:\/\/portal.fgeo.gob.mx\/index.php\/wp-json\/wp\/v2\/types\/noticias"}],"author":[{"embeddable":true,"href":"https:\/\/portal.fgeo.gob.mx\/index.php\/wp-json\/wp\/v2\/users\/2"}],"replies":[{"embeddable":true,"href":"https:\/\/portal.fgeo.gob.mx\/index.php\/wp-json\/wp\/v2\/comments?post=16795"}],"wp:featuredmedia":[{"embeddable":true,"href":"https:\/\/portal.fgeo.gob.mx\/index.php\/wp-json\/"}],"wp:attachment":[{"href":"https:\/\/portal.fgeo.gob.mx\/index.php\/wp-json\/wp\/v2\/media?parent=16795"}],"wp:term":[{"taxonomy":"post_tag","embeddable":true,"href":"https:\/\/portal.fgeo.gob.mx\/index.php\/wp-json\/wp\/v2\/tags?post=16795"},{"taxonomy":"categoria_noticias","embeddable":true,"href":"https:\/\/portal.fgeo.gob.mx\/index.php\/wp-json\/wp\/v2\/categoria_noticias?post=16795"}],"curies":[{"name":"wp","href":"https:\/\/api.w.org\/{rel}","templated":true}]}}