{"id":16793,"date":"2025-05-30T11:40:08","date_gmt":"2025-05-30T17:40:08","guid":{"rendered":"https:\/\/fge.oaxaca.gob.mx\/?post_type=noticias&amp;p=9132"},"modified":"2025-05-30T11:40:08","modified_gmt":"2025-05-30T17:40:08","slug":"boletin-1495-fiscalia-de-oaxaca-obtiene-sentencia-de-28-anos-de-prision-contra-responsable-de-desaparicion-de-padre-e-hijo-en-la-sierra-sur","status":"publish","type":"noticias","link":"https:\/\/portal.fgeo.gob.mx\/index.php\/archivos\/noticias\/boletin-1495-fiscalia-de-oaxaca-obtiene-sentencia-de-28-anos-de-prision-contra-responsable-de-desaparicion-de-padre-e-hijo-en-la-sierra-sur","title":{"rendered":"BOLET\u00cdN 1,495.- Fiscal\u00eda de Oaxaca obtiene sentencia de 28 a\u00f1os de prisi\u00f3n contra responsable de desaparici\u00f3n de padre e hijo en la Sierra Sur"},"content":{"rendered":"<p><strong>Oaxaca de Ju\u00e1rez a 30 de mayo de 2025.- <\/strong>La Fiscal\u00eda General del Estado de Oaxaca (FGEO) obtuvo sentencia condenatoria de 28 a\u00f1os, un mes y 15 d\u00edas de prisi\u00f3n contra una persona del sexo masculino identificada como L\u00e1zaro P., responsable del delito de desaparici\u00f3n cometida por particulares en agravio de dos personas, ocurrida en 2019, en jurisdicci\u00f3n de San Marcial Ozolotepec en la regi\u00f3n de la Sierra Sur.<\/p>\n<p>De acuerdo con la causa penal del caso, los hechos ocurrieron el 22 de agosto de 2019, cuando las v\u00edctimas identificadas como Constancio G.R. y Diodoro J.G.M., padre e hijo, fueron privadas de la libertad de manera ilegal por un grupo armado que irrumpi\u00f3 con violencia en su domicilio ubicado en la rancher\u00eda Luz Oriente de San Marcial Ozolotepec, en el distrito de Miahuatl\u00e1n de Porfirio D\u00edaz.<\/p>\n<p>La investigaci\u00f3n revela que, en ese grupo armado se encontraba L\u00e1zaro P., quien junto con sus acompa\u00f1antes agredi\u00f3 f\u00edsica y psicol\u00f3gicamente a las v\u00edctimas para despu\u00e9s trasladarlos a un lugar desconocido, sin que hasta la fecha se sepa de su paradero.<\/p>\n<p>Ante estos hechos y derivado de la denuncia interpuesta, la Fiscal\u00eda de Oaxaca atrajo la investigaci\u00f3n -a trav\u00e9s de la Vicefiscal\u00eda General de Control Regional-, logrando la aprehensi\u00f3n de L\u00e1zaro P., quien qued\u00f3 a disposici\u00f3n de la autoridad competente para su proceso legal.<\/p>\n<p>Tras el desahogo de pruebas aportadas por la FGEO y valoradas en audiencia, el Tribunal de Enjuiciamiento que atiende la causa dict\u00f3 sentencia condenatoria de 28 a\u00f1os, un mes y 15 d\u00edas de prisi\u00f3n en contra de L\u00e1zaro P., por su responsabilidad en el delito de desaparici\u00f3n cometida por particulares, adem\u00e1s de imponer el pago de una multa y la reparaci\u00f3n del da\u00f1o de manera abstracta por cada v\u00edctima.<\/p>\n<p>Para la Fiscal\u00eda de Oaxaca, el empleo de protocolos y la aplicaci\u00f3n de t\u00e9cnicas cient\u00edficas e investigaciones de cr\u00edmenes, permiten tener certeza en los trabajos de procuraci\u00f3n de justicia en el estado.<\/p>\n<p><img fetchpriority=\"high\" decoding=\"async\" class=\"size-full wp-image-9133\" src=\"https:\/\/portal.fgeo.gob.mx\/wp-content\/uploads\/2025\/05\/Dise%C3%B1o-sin-t%C3%ADtulo-25.jpg\" alt=\"\" width=\"249\" height=\"219\" \/><\/p>\n","protected":false},"author":2,"featured_media":9119,"comment_status":"closed","ping_status":"closed","template":"","tags":[],"categoria_noticias":[],"class_list":["post-16793","noticias","type-noticias","status-publish","has-post-thumbnail","hentry"],"acf":[],"mb":[],"mfb_rest_fields":["title","gutenberg_elementor_mode"],"_links":{"self":[{"href":"https:\/\/portal.fgeo.gob.mx\/index.php\/wp-json\/wp\/v2\/noticias\/16793","targetHints":{"allow":["GET"]}}],"collection":[{"href":"https:\/\/portal.fgeo.gob.mx\/index.php\/wp-json\/wp\/v2\/noticias"}],"about":[{"href":"https:\/\/portal.fgeo.gob.mx\/index.php\/wp-json\/wp\/v2\/types\/noticias"}],"author":[{"embeddable":true,"href":"https:\/\/portal.fgeo.gob.mx\/index.php\/wp-json\/wp\/v2\/users\/2"}],"replies":[{"embeddable":true,"href":"https:\/\/portal.fgeo.gob.mx\/index.php\/wp-json\/wp\/v2\/comments?post=16793"}],"wp:featuredmedia":[{"embeddable":true,"href":"https:\/\/portal.fgeo.gob.mx\/index.php\/wp-json\/"}],"wp:attachment":[{"href":"https:\/\/portal.fgeo.gob.mx\/index.php\/wp-json\/wp\/v2\/media?parent=16793"}],"wp:term":[{"taxonomy":"post_tag","embeddable":true,"href":"https:\/\/portal.fgeo.gob.mx\/index.php\/wp-json\/wp\/v2\/tags?post=16793"},{"taxonomy":"categoria_noticias","embeddable":true,"href":"https:\/\/portal.fgeo.gob.mx\/index.php\/wp-json\/wp\/v2\/categoria_noticias?post=16793"}],"curies":[{"name":"wp","href":"https:\/\/api.w.org\/{rel}","templated":true}]}}