{"id":16790,"date":"2025-05-29T15:00:58","date_gmt":"2025-05-29T21:00:58","guid":{"rendered":"https:\/\/fge.oaxaca.gob.mx\/?post_type=noticias&amp;p=9126"},"modified":"2025-05-29T15:00:58","modified_gmt":"2025-05-29T21:00:58","slug":"boletin-1492-fiscalia-de-oaxaca-obtiene-fallo-condenatorio-contra-objetivo-prioritario-por-narcomenudeo-de-cocaina-delito-cometido-en-la-region-de-la-costa","status":"publish","type":"noticias","link":"https:\/\/portal.fgeo.gob.mx\/index.php\/archivos\/noticias\/boletin-1492-fiscalia-de-oaxaca-obtiene-fallo-condenatorio-contra-objetivo-prioritario-por-narcomenudeo-de-cocaina-delito-cometido-en-la-region-de-la-costa","title":{"rendered":"BOLET\u00cdN 1,492.- Fiscal\u00eda de Oaxaca obtiene fallo condenatorio contra objetivo prioritario por narcomenudeo de coca\u00edna, delito cometido en la regi\u00f3n de la Costa"},"content":{"rendered":"<p><strong>Oaxaca de Ju\u00e1rez a 29 de mayo de 2025.- <\/strong>La Fiscal\u00eda General del Estado de Oaxaca (FGEO) obtuvo fallo condenatorio contra una persona del sexo masculino identificado como Marcos S.V., responsable por el delito contra la salud en su modalidad de narcomenudeo en la hip\u00f3tesis de posesi\u00f3n simple de clorhidrato de coca\u00edna y metanfetamina adem\u00e1s, esta persona es considerada un objetivo prioritario por su probable participaci\u00f3n en actividades delictivas en la regi\u00f3n de la Costa.<\/p>\n<p>De acuerdo a la causa penal, el 16 de julio de 2024, Marcos S.V., fue detenido por elementos de la Agencia Estatal de Investigaciones (AEI) sobre la carretera Laguna Tamiahua, Sector U2 Norte de Santa Cruz Huatulco, lugar donde encar\u00f3 a los agentes.<\/p>\n<p>Al llevar a cabo la inspecci\u00f3n legal, los elementos policiales hallaron entre sus pertenencias bolsas de coca\u00edna y cristal, por lo que procedieron a su detenci\u00f3n para posteriormente llevarlo ante la autoridad ministerial correspondiente.<\/p>\n<p>Ante estos hechos, la Fiscal\u00eda de Oaxaca inici\u00f3 una exhaustiva investigaci\u00f3n a trav\u00e9s de la Vicefiscal\u00eda Regional de Valles Centrales, logrando aprehender y presentar a Marcos S.V., ante el Juez de la causa.<\/p>\n<p>Tras el desahogo de pruebas aportadas por la FGEO y valoradas en la audiencia, el Juez de enjuiciamiento dict\u00f3 fallo condenatorio en contra del imputado Marcos S.V., por el delito contra la salud en su modalidad de narcomenudeo en la hip\u00f3tesis de posesi\u00f3n simple de clorhidrato de coca\u00edna y metanfetamina, dando un plazo para la audiencia de individualizaci\u00f3n de la sentencia.<\/p>\n<p>Para la Fiscal\u00eda General del Estado de Oaxaca, el combate a la venta y distribuci\u00f3n de drogas, forma parte de la estrategia de seguridad que realizan para garantizar una eficaz procuraci\u00f3n de justicia en la entidad.<\/p>\n<p>&nbsp;<\/p>\n","protected":false},"author":2,"featured_media":9119,"comment_status":"closed","ping_status":"closed","template":"","tags":[],"categoria_noticias":[],"class_list":["post-16790","noticias","type-noticias","status-publish","has-post-thumbnail","hentry"],"acf":[],"mb":[],"mfb_rest_fields":["title","gutenberg_elementor_mode"],"_links":{"self":[{"href":"https:\/\/portal.fgeo.gob.mx\/index.php\/wp-json\/wp\/v2\/noticias\/16790","targetHints":{"allow":["GET"]}}],"collection":[{"href":"https:\/\/portal.fgeo.gob.mx\/index.php\/wp-json\/wp\/v2\/noticias"}],"about":[{"href":"https:\/\/portal.fgeo.gob.mx\/index.php\/wp-json\/wp\/v2\/types\/noticias"}],"author":[{"embeddable":true,"href":"https:\/\/portal.fgeo.gob.mx\/index.php\/wp-json\/wp\/v2\/users\/2"}],"replies":[{"embeddable":true,"href":"https:\/\/portal.fgeo.gob.mx\/index.php\/wp-json\/wp\/v2\/comments?post=16790"}],"wp:featuredmedia":[{"embeddable":true,"href":"https:\/\/portal.fgeo.gob.mx\/index.php\/wp-json\/"}],"wp:attachment":[{"href":"https:\/\/portal.fgeo.gob.mx\/index.php\/wp-json\/wp\/v2\/media?parent=16790"}],"wp:term":[{"taxonomy":"post_tag","embeddable":true,"href":"https:\/\/portal.fgeo.gob.mx\/index.php\/wp-json\/wp\/v2\/tags?post=16790"},{"taxonomy":"categoria_noticias","embeddable":true,"href":"https:\/\/portal.fgeo.gob.mx\/index.php\/wp-json\/wp\/v2\/categoria_noticias?post=16790"}],"curies":[{"name":"wp","href":"https:\/\/api.w.org\/{rel}","templated":true}]}}