{"id":16788,"date":"2025-05-28T15:57:49","date_gmt":"2025-05-28T21:57:49","guid":{"rendered":"https:\/\/fge.oaxaca.gob.mx\/?post_type=noticias&amp;p=9117"},"modified":"2025-05-28T15:57:49","modified_gmt":"2025-05-28T21:57:49","slug":"boletin-1489-fiscalia-de-oaxaca-ejecuta-orden-de-aprehension-por-feminicidio-cometido-en-calles-de-tututepec-en-la-region-de-la-costa","status":"publish","type":"noticias","link":"https:\/\/portal.fgeo.gob.mx\/index.php\/archivos\/noticias\/boletin-1489-fiscalia-de-oaxaca-ejecuta-orden-de-aprehension-por-feminicidio-cometido-en-calles-de-tututepec-en-la-region-de-la-costa","title":{"rendered":"BOLET\u00cdN 1,489.- Fiscal\u00eda de Oaxaca ejecuta orden de aprehensi\u00f3n por feminicidio cometido en calles de Tututepec, en la regi\u00f3n de la Costa"},"content":{"rendered":"<p style=\"font-weight: 400\"><strong>Oaxaca de Ju\u00e1rez a 28 de mayo de 2025.-\u00a0<\/strong>Derivado de los trabajos ministeriales que lleva a cabo la Fiscal\u00eda General del Estado de Oaxaca (FGEO) fue posible ejecutar una orden de aprehensi\u00f3n en contra de una persona del sexo masculino identificada como A.V.B., por el delito de feminicidio agravado, cometido en la regi\u00f3n de la Costa.<\/p>\n<p style=\"font-weight: 400\">\n<p style=\"font-weight: 400\">De acuerdo con el expediente, la v\u00edctima sosten\u00eda una relaci\u00f3n sentimental en concubinato, periodo en el que sufri\u00f3 violencia como celos, maltrato y amenazas.<\/p>\n<p style=\"font-weight: 400\">\n<p style=\"font-weight: 400\">Los hechos ocurrieron el 25 de agosto de 2018, en calles de San Jos\u00e9 del Progreso, en el municipio de Villa de Tututepec, lugar en el que la v\u00edctima, una mujer identificada por las iniciales N.C.P., fue atacada con disparos de arma de fuego, caus\u00e1ndole lesiones que le provocaron la muerte.<\/p>\n<p style=\"font-weight: 400\">\n<p style=\"font-weight: 400\">Al tener conocimiento de los hechos, la FGEO a trav\u00e9s de la Vicefiscal\u00eda Regional de la Costa, realiz\u00f3 las investigaciones correspondientes, que permitieron obtener la orden de aprehensi\u00f3n en contra de A.V.B., quien fue detenido luego de evadir la justicia durante casi siete a\u00f1os, por lo que qued\u00f3 a disposici\u00f3n de la autoridad judicial que lo requiri\u00f3 para determinar su situaci\u00f3n jur\u00eddica en las pr\u00f3ximas horas.<\/p>\n<p style=\"font-weight: 400\">\n<p style=\"font-weight: 400\">Ante casos de delitos cometidos contra mujeres, ni\u00f1as y adolescentes, la Fiscal\u00eda de Oaxaca tiene como prioridad procurar justicia para las v\u00edctimas directas e indirectas de estos hechos, con el objetivo de evitar la impunidad y desincentivar la comisi\u00f3n de estos actos que lesionan profundamente el tejido social.<\/p>\n<figure id=\"attachment_9118\" aria-describedby=\"caption-attachment-9118\" style=\"width: 300px\" class=\"wp-caption alignnone\"><img decoding=\"async\" class=\"size-medium wp-image-9118\" src=\"https:\/\/portal.fgeo.gob.mx\/wp-content\/uploads\/2025\/05\/Dise%C3%B1o-sin-t%C3%ADtulo-20-300x94.jpg\" alt=\"\" width=\"300\" height=\"94\" \/><figcaption id=\"caption-attachment-9118\" class=\"wp-caption-text\">Dise\u00f1o sin t\u00edtulo &#8211; 1<\/figcaption><\/figure>\n","protected":false},"author":2,"featured_media":9119,"comment_status":"closed","ping_status":"closed","template":"","tags":[],"categoria_noticias":[],"class_list":["post-16788","noticias","type-noticias","status-publish","has-post-thumbnail","hentry"],"acf":[],"mb":[],"mfb_rest_fields":["title","gutenberg_elementor_mode"],"_links":{"self":[{"href":"https:\/\/portal.fgeo.gob.mx\/index.php\/wp-json\/wp\/v2\/noticias\/16788","targetHints":{"allow":["GET"]}}],"collection":[{"href":"https:\/\/portal.fgeo.gob.mx\/index.php\/wp-json\/wp\/v2\/noticias"}],"about":[{"href":"https:\/\/portal.fgeo.gob.mx\/index.php\/wp-json\/wp\/v2\/types\/noticias"}],"author":[{"embeddable":true,"href":"https:\/\/portal.fgeo.gob.mx\/index.php\/wp-json\/wp\/v2\/users\/2"}],"replies":[{"embeddable":true,"href":"https:\/\/portal.fgeo.gob.mx\/index.php\/wp-json\/wp\/v2\/comments?post=16788"}],"wp:featuredmedia":[{"embeddable":true,"href":"https:\/\/portal.fgeo.gob.mx\/index.php\/wp-json\/"}],"wp:attachment":[{"href":"https:\/\/portal.fgeo.gob.mx\/index.php\/wp-json\/wp\/v2\/media?parent=16788"}],"wp:term":[{"taxonomy":"post_tag","embeddable":true,"href":"https:\/\/portal.fgeo.gob.mx\/index.php\/wp-json\/wp\/v2\/tags?post=16788"},{"taxonomy":"categoria_noticias","embeddable":true,"href":"https:\/\/portal.fgeo.gob.mx\/index.php\/wp-json\/wp\/v2\/categoria_noticias?post=16788"}],"curies":[{"name":"wp","href":"https:\/\/api.w.org\/{rel}","templated":true}]}}