{"id":16786,"date":"2025-05-27T15:56:08","date_gmt":"2025-05-27T21:56:08","guid":{"rendered":"https:\/\/fge.oaxaca.gob.mx\/?post_type=noticias&amp;p=9110"},"modified":"2025-05-27T15:56:08","modified_gmt":"2025-05-27T21:56:08","slug":"boletin-1486-fiscalia-de-oaxaca-obtiene-vinculacion-a-proceso-contra-una-persona-por-violacion-de-una-nina-cometida-en-miahuatlan-de-porfirio-diaz","status":"publish","type":"noticias","link":"https:\/\/portal.fgeo.gob.mx\/index.php\/archivos\/noticias\/boletin-1486-fiscalia-de-oaxaca-obtiene-vinculacion-a-proceso-contra-una-persona-por-violacion-de-una-nina-cometida-en-miahuatlan-de-porfirio-diaz","title":{"rendered":"BOLET\u00cdN 1,486.- Fiscal\u00eda de Oaxaca obtiene vinculaci\u00f3n a proceso contra una persona por violaci\u00f3n de una ni\u00f1a, cometida en Miahuatl\u00e1n de Porfirio D\u00edaz"},"content":{"rendered":"<p><strong>Oaxaca de Ju\u00e1rez a 27 de mayo de 2025.- <\/strong>El combate a los delitos cometidos contra ni\u00f1as, adolescentes y mujeres son parte de la agenda prioritaria de la Fiscal\u00eda General del Estado de Oaxaca (FGEO), bajo esta premisa, la Instituci\u00f3n de procuraci\u00f3n de justicia obtuvo prisi\u00f3n y vinculaci\u00f3n a proceso en contra de una persona del sexo masculino identificado como D.R.H., por el delito Equiparado a la Violaci\u00f3n Agravada en perjuicio de una menor de edad, cometida en la regi\u00f3n de la Sierra Sur.<\/p>\n<p>&nbsp;<\/p>\n<p>De acuerdo con la denuncia penal del caso, los hechos ocurrieron el 25 de diciembre de 2023, cuando la v\u00edctima (una ni\u00f1a cuya identidad est\u00e1 reservada por ley) contaba con 10 a\u00f1os de edad y se encontraba en un domicilio ubicado en la colonia la Soledad perteneciente al municipio de Miahuatl\u00e1n de Porfirio D\u00edaz, lugar en que fue sometida y agredida.<\/p>\n<p>&nbsp;<\/p>\n<p>Luego de que la FGEO tom\u00f3 conocimiento del caso, inici\u00f3 las investigaciones a trav\u00e9s de la Vicefiscal\u00eda Regional de Valles Centrales, que reuni\u00f3 las pruebas periciales necesarias que permitieron obtener una orden de aprehensi\u00f3n contra D.R.H., la cual fue ejecutada por elementos de la Agencia Estatal de Investigaciones (AEI).<\/p>\n<p>&nbsp;<\/p>\n<p>Tras ser detenido, D.R.H., fue trasladado al Ministerio P\u00fablico para su debido proceso legal.<\/p>\n<p>&nbsp;<\/p>\n<p>En audiencia y derivado de la evaluaci\u00f3n de los datos de prueba aportados por la FGEO, el Juez dict\u00f3 auto de vinculaci\u00f3n a proceso en contra de D.R.H., por el delito Equiparado a la Violaci\u00f3n Agravada e impuso la medida de prisi\u00f3n preventiva de oficio de manera definitiva, asimismo otorg\u00f3 el plazo de un mes para el cierre de la investigaci\u00f3n complementaria.<\/p>\n<p>&nbsp;<\/p>\n<p>La Fiscal\u00eda General del Estado de Oaxaca prioriza las investigaciones relacionadas con delitos cometidos contra las mujeres, ni\u00f1as y adolescentes, para presentar ante la justicia a los responsables a fin de garantizar el derecho a una vida libre de violencia.<\/p>\n<p><img fetchpriority=\"high\" decoding=\"async\" class=\"alignnone size-medium wp-image-9111\" src=\"https:\/\/portal.fgeo.gob.mx\/wp-content\/uploads\/2025\/05\/Dise%C3%B1o-sin-t%C3%ADtulo-19-300x225.jpg\" alt=\"\" width=\"300\" height=\"225\" \/><\/p>\n","protected":false},"author":2,"featured_media":9029,"comment_status":"closed","ping_status":"closed","template":"","tags":[],"categoria_noticias":[],"class_list":["post-16786","noticias","type-noticias","status-publish","has-post-thumbnail","hentry"],"acf":[],"mb":[],"mfb_rest_fields":["title","gutenberg_elementor_mode"],"_links":{"self":[{"href":"https:\/\/portal.fgeo.gob.mx\/index.php\/wp-json\/wp\/v2\/noticias\/16786","targetHints":{"allow":["GET"]}}],"collection":[{"href":"https:\/\/portal.fgeo.gob.mx\/index.php\/wp-json\/wp\/v2\/noticias"}],"about":[{"href":"https:\/\/portal.fgeo.gob.mx\/index.php\/wp-json\/wp\/v2\/types\/noticias"}],"author":[{"embeddable":true,"href":"https:\/\/portal.fgeo.gob.mx\/index.php\/wp-json\/wp\/v2\/users\/2"}],"replies":[{"embeddable":true,"href":"https:\/\/portal.fgeo.gob.mx\/index.php\/wp-json\/wp\/v2\/comments?post=16786"}],"wp:featuredmedia":[{"embeddable":true,"href":"https:\/\/portal.fgeo.gob.mx\/index.php\/wp-json\/"}],"wp:attachment":[{"href":"https:\/\/portal.fgeo.gob.mx\/index.php\/wp-json\/wp\/v2\/media?parent=16786"}],"wp:term":[{"taxonomy":"post_tag","embeddable":true,"href":"https:\/\/portal.fgeo.gob.mx\/index.php\/wp-json\/wp\/v2\/tags?post=16786"},{"taxonomy":"categoria_noticias","embeddable":true,"href":"https:\/\/portal.fgeo.gob.mx\/index.php\/wp-json\/wp\/v2\/categoria_noticias?post=16786"}],"curies":[{"name":"wp","href":"https:\/\/api.w.org\/{rel}","templated":true}]}}