{"id":16785,"date":"2025-05-27T13:02:04","date_gmt":"2025-05-27T19:02:04","guid":{"rendered":"https:\/\/fge.oaxaca.gob.mx\/?post_type=noticias&amp;p=9108"},"modified":"2025-05-27T13:02:04","modified_gmt":"2025-05-27T19:02:04","slug":"boletin-1485-fiscalia-de-oaxaca-obtiene-prision-y-vinculacion-a-proceso-contra-dos-mujeres-por-alteracion-de-indicios-y-evidencias-por-hechos-ocurridos-en-el-colegio-francoise-dolto","status":"publish","type":"noticias","link":"https:\/\/portal.fgeo.gob.mx\/index.php\/archivos\/noticias\/boletin-1485-fiscalia-de-oaxaca-obtiene-prision-y-vinculacion-a-proceso-contra-dos-mujeres-por-alteracion-de-indicios-y-evidencias-por-hechos-ocurridos-en-el-colegio-francoise-dolto","title":{"rendered":"BOLET\u00cdN 1,485.- Fiscal\u00eda de Oaxaca obtiene prisi\u00f3n y vinculaci\u00f3n a proceso contra dos mujeres por Alteraci\u00f3n de Indicios y Evidencias, por hechos ocurridos en el colegio \u201cFrancoise Dolto\u201d"},"content":{"rendered":"<p>* Varios menores de edad sufrieron lesiones por quemadura, luego de que una persona lanz\u00f3 alcohol et\u00edlico a la fogata durante una actividad recreativa<\/p>\n<p>* Derivado de las indagatorias se estableci\u00f3 que habr\u00edan limpiado la escena del crimen antes que las autoridades llevaran a cabo las diligencias correspondientes<\/p>\n<p><strong>Oaxaca de Ju\u00e1rez a 27 de mayo de 2025.- <\/strong>La atenci\u00f3n a delitos que afectan a ni\u00f1as, ni\u00f1os y adolescentes es una prioridad en materia de procuraci\u00f3n de justicia para la Fiscal\u00eda General del Estado de Oaxaca (FGEO) que obtuvo auto de vinculaci\u00f3n a proceso en contra de dos mujeres identificadas como G.S.M. y S.I.S., por el delito que se establece como Alteraci\u00f3n de Indicios y Evidencias en el lugar de los hechos, conducta relacionada con un caso en el que ni\u00f1as y ni\u00f1os del colegio \u201cFrancoise Dolto\u201d sufrieron lesiones por quemadura durante una actividad recreativa.<\/p>\n<p>De acuerdo con el expediente penal, los hechos ocurrieron el 29 de abril de 2025, cuando las v\u00edctimas -alumnas y alumnos del colegio \u201cFrancoise Dolto\u201d acudieron a la escuela localizada en el Centro de la ciudad de Oaxaca, para participar en un campamento como parte de los festejos por el D\u00eda del Ni\u00f1o.<\/p>\n<p>Sin embargo, cuando se encontraban alrededor de una fogata, una persona adulta lanz\u00f3 alcohol et\u00edlico que aviv\u00f3 el fuego, el cual alcanz\u00f3 a varios menores de edad, quienes resultaron con lesiones de gravedad por las quemaduras.<\/p>\n<p>Tras tener conocimiento de estos hechos, la FGEO -a trav\u00e9s de la Vicefiscal\u00eda Regional de Valles Centrales- realiz\u00f3 las investigaciones correspondientes, las cuales permitieron obtener una orden de aprehensi\u00f3n por parte del Juez, misma que fue ejecutada por elementos de la AEI, quienes detuvieron a G.S.M. y S.I.S., por el delito que se establece como Alteraci\u00f3n de indicios y evidencias en lugar de los hechos, pues derivado de las indagatorias se estableci\u00f3 que habr\u00edan limpiado la escena del crimen antes que las autoridades llevaran a cabo las diligencias correspondientes.<\/p>\n<p>Tras la detenci\u00f3n, G.S.M. y S.I.S. quedaron a disposici\u00f3n de la autoridad que las requiri\u00f3 para determinar su situaci\u00f3n jur\u00eddica.<\/p>\n<p>Tras valorar los datos de pruebas aportados por la FGEO, a trav\u00e9s de la Vicefiscal\u00eda Regional de Valles Centrales, el Juez de la causa dict\u00f3 vinculaci\u00f3n a proceso en contra de G.S.M. y S.I.S., adem\u00e1s de imponer la medida cautelar de prisi\u00f3n preventiva justificada, otorgando un plazo de 20 d\u00edas para el cierre de la investigaci\u00f3n complementaria.<\/p>\n<p>La Fiscal\u00eda General del Estado de Oaxaca prioriza las investigaciones de delitos cometidos en contra de ni\u00f1as, ni\u00f1os y adolescentes, pues busca un adecuado acceso a la procuraci\u00f3n de justicia que lleve la perspectiva de infancia y adolescencia pues, este mecanismo es la v\u00eda para garantizar la m\u00e1xima protecci\u00f3n y atender adecuadamente el inter\u00e9s superior de la ni\u00f1ez.<\/p>\n<p><img decoding=\"async\" class=\"size-medium wp-image-9109\" src=\"https:\/\/portal.fgeo.gob.mx\/wp-content\/uploads\/2025\/05\/Dise%C3%B1o-sin-t%C3%ADtulo-18-300x127.jpg\" alt=\"\" width=\"300\" height=\"127\" \/><\/p>\n","protected":false},"author":2,"featured_media":9029,"comment_status":"closed","ping_status":"closed","template":"","tags":[],"categoria_noticias":[],"class_list":["post-16785","noticias","type-noticias","status-publish","has-post-thumbnail","hentry"],"acf":[],"mb":[],"mfb_rest_fields":["title","gutenberg_elementor_mode"],"_links":{"self":[{"href":"https:\/\/portal.fgeo.gob.mx\/index.php\/wp-json\/wp\/v2\/noticias\/16785","targetHints":{"allow":["GET"]}}],"collection":[{"href":"https:\/\/portal.fgeo.gob.mx\/index.php\/wp-json\/wp\/v2\/noticias"}],"about":[{"href":"https:\/\/portal.fgeo.gob.mx\/index.php\/wp-json\/wp\/v2\/types\/noticias"}],"author":[{"embeddable":true,"href":"https:\/\/portal.fgeo.gob.mx\/index.php\/wp-json\/wp\/v2\/users\/2"}],"replies":[{"embeddable":true,"href":"https:\/\/portal.fgeo.gob.mx\/index.php\/wp-json\/wp\/v2\/comments?post=16785"}],"wp:featuredmedia":[{"embeddable":true,"href":"https:\/\/portal.fgeo.gob.mx\/index.php\/wp-json\/"}],"wp:attachment":[{"href":"https:\/\/portal.fgeo.gob.mx\/index.php\/wp-json\/wp\/v2\/media?parent=16785"}],"wp:term":[{"taxonomy":"post_tag","embeddable":true,"href":"https:\/\/portal.fgeo.gob.mx\/index.php\/wp-json\/wp\/v2\/tags?post=16785"},{"taxonomy":"categoria_noticias","embeddable":true,"href":"https:\/\/portal.fgeo.gob.mx\/index.php\/wp-json\/wp\/v2\/categoria_noticias?post=16785"}],"curies":[{"name":"wp","href":"https:\/\/api.w.org\/{rel}","templated":true}]}}