{"id":16783,"date":"2025-05-26T16:01:45","date_gmt":"2025-05-26T22:01:45","guid":{"rendered":"https:\/\/fge.oaxaca.gob.mx\/?post_type=noticias&amp;p=9094"},"modified":"2025-05-26T16:01:45","modified_gmt":"2025-05-26T22:01:45","slug":"boletin-1482-obtiene-fgeo-vinculacion-a-proceso-por-homicidio-en-la-region-mixe-de-oaxaca-el-imputado-fue-detenido-en-chihuahua","status":"publish","type":"noticias","link":"https:\/\/portal.fgeo.gob.mx\/index.php\/archivos\/noticias\/boletin-1482-obtiene-fgeo-vinculacion-a-proceso-por-homicidio-en-la-region-mixe-de-oaxaca-el-imputado-fue-detenido-en-chihuahua","title":{"rendered":"BOLET\u00cdN 1,482.- Obtiene FGEO vinculaci\u00f3n a proceso por homicidio en la regi\u00f3n Mixe de Oaxaca, el imputado fue detenido en Chihuahua"},"content":{"rendered":"<p><strong>Oaxaca de Ju\u00e1rez a 26 de mayo de 2025.- <\/strong>La Fiscal\u00eda General del Estado de Oaxaca (FGEO) obtuvo la vinculaci\u00f3n a proceso y prisi\u00f3n en contra de una persona del sexo masculino identificada como U.J.A., aprehendido en el estado de Chihuahua e imputado por el delito de homicidio ocurrido en la regi\u00f3n Mixe de Oaxaca.<\/p>\n<p>De acuerdo con la carpeta de investigaci\u00f3n, U.J.A. fue detenido por elementos de la Agencia Estatal de Investigaciones (AEI) adscritos a la Vicefiscal\u00eda General de Control Regional de Oaxaca en coordinaci\u00f3n con Agentes de Investigaci\u00f3n del estado de Chihuahua, derivado de hechos ocurridos el 25 de junio de 2020 en el que fue privado de la vida un hombre identificado como J.J.D.<\/p>\n<p>La investigaci\u00f3n revela que el delito ocurri\u00f3 en la agencia de Cerro Pel\u00f3n perteneciente a San Pedro y San Pablo Ayutla Mixe, lugar donde atacaron a la v\u00edctima.<\/p>\n<p>Una vez que la FGEO inici\u00f3 las investigaciones ministeriales a trav\u00e9s la Vicefiscal\u00eda General de Control Regional, obtuvo una orden de aprehensi\u00f3n contra U.J.A., y una vez localizado en otra entidad, logr\u00f3 su captura para posteriormente presentarlo ante la autoridad competente.<\/p>\n<p>Tras el desahogo de pruebas aportadas por la FGEO, el juez de la causa dict\u00f3 vinculaci\u00f3n a proceso en contra de U.J.A., por el delito de homicidio e impuso la medida cautelar de prisi\u00f3n preventiva justificada otorgando el plazo de un mes para el cierre de la investigaci\u00f3n complementaria.<\/p>\n<p>Para la Fiscal\u00eda de Oaxaca, el empleo de protocolos y la aplicaci\u00f3n de t\u00e9cnicas cient\u00edficas e investigaciones de cr\u00edmenes, permite tener certeza en los trabajos de procuraci\u00f3n de justicia en el estado.<\/p>\n<p><img fetchpriority=\"high\" decoding=\"async\" class=\"alignnone size-medium wp-image-9095\" src=\"https:\/\/portal.fgeo.gob.mx\/wp-content\/uploads\/2025\/05\/WhatsApp-Image-2025-05-21-at-4.05.20-PM-300x270.jpeg\" alt=\"\" width=\"300\" height=\"270\" \/><\/p>\n","protected":false},"author":2,"featured_media":9029,"comment_status":"closed","ping_status":"closed","template":"","tags":[],"categoria_noticias":[],"class_list":["post-16783","noticias","type-noticias","status-publish","has-post-thumbnail","hentry"],"acf":[],"mb":[],"mfb_rest_fields":["title","gutenberg_elementor_mode"],"_links":{"self":[{"href":"https:\/\/portal.fgeo.gob.mx\/index.php\/wp-json\/wp\/v2\/noticias\/16783","targetHints":{"allow":["GET"]}}],"collection":[{"href":"https:\/\/portal.fgeo.gob.mx\/index.php\/wp-json\/wp\/v2\/noticias"}],"about":[{"href":"https:\/\/portal.fgeo.gob.mx\/index.php\/wp-json\/wp\/v2\/types\/noticias"}],"author":[{"embeddable":true,"href":"https:\/\/portal.fgeo.gob.mx\/index.php\/wp-json\/wp\/v2\/users\/2"}],"replies":[{"embeddable":true,"href":"https:\/\/portal.fgeo.gob.mx\/index.php\/wp-json\/wp\/v2\/comments?post=16783"}],"wp:featuredmedia":[{"embeddable":true,"href":"https:\/\/portal.fgeo.gob.mx\/index.php\/wp-json\/"}],"wp:attachment":[{"href":"https:\/\/portal.fgeo.gob.mx\/index.php\/wp-json\/wp\/v2\/media?parent=16783"}],"wp:term":[{"taxonomy":"post_tag","embeddable":true,"href":"https:\/\/portal.fgeo.gob.mx\/index.php\/wp-json\/wp\/v2\/tags?post=16783"},{"taxonomy":"categoria_noticias","embeddable":true,"href":"https:\/\/portal.fgeo.gob.mx\/index.php\/wp-json\/wp\/v2\/categoria_noticias?post=16783"}],"curies":[{"name":"wp","href":"https:\/\/api.w.org\/{rel}","templated":true}]}}