{"id":16782,"date":"2025-05-26T14:00:18","date_gmt":"2025-05-26T20:00:18","guid":{"rendered":"https:\/\/fge.oaxaca.gob.mx\/?post_type=noticias&amp;p=9089"},"modified":"2025-05-26T14:00:18","modified_gmt":"2025-05-26T20:00:18","slug":"boletin-1481-fiscalia-de-oaxaca-defensa-y-guardia-nacional-aseguran-cargamento-con-220-paquetes-de-cocaina-escondidos-en-el-tanque-de-combustible-de-un-trailer-acciones-realizadas-en-el-istmo-de","status":"publish","type":"noticias","link":"https:\/\/portal.fgeo.gob.mx\/index.php\/archivos\/noticias\/boletin-1481-fiscalia-de-oaxaca-defensa-y-guardia-nacional-aseguran-cargamento-con-220-paquetes-de-cocaina-escondidos-en-el-tanque-de-combustible-de-un-trailer-acciones-realizadas-en-el-istmo-de","title":{"rendered":"BOLET\u00cdN 1,481.- Fiscal\u00eda de Oaxaca, DEFENSA y Guardia Nacional aseguran cargamento con 220 paquetes de coca\u00edna escondidos en el tanque de combustible de un tr\u00e1iler, acciones realizadas en el Istmo de Tehuantepec"},"content":{"rendered":"<p>* El conductor es originario de Culiac\u00e1n, Sinaloa, quien qued\u00f3 a disposici\u00f3n del Ministerio P\u00fablico<\/p>\n<p><strong>Oaxaca de Ju\u00e1rez a 26 de mayo de 2025.- <\/strong>Como aparte de los resultados de las labores de seguridad que realiza la Fiscal\u00eda General del Estado de Oaxaca (FGEO), en colaboraci\u00f3n interinstitucional con la Secretar\u00eda de la Defensa Nacional (DEFENSA) y Guardia Nacional (GN), se logr\u00f3 la detenci\u00f3n de una persona del sexo masculino identificada como J.C.M., originario de Culiac\u00e1n, Sinaloa, as\u00ed como el aseguramiento de m\u00e1s de 200 kilogramos de droga que estaba escondida en el tanque de combustible de un tr\u00e1iler, acci\u00f3n desplegada en la regi\u00f3n del Istmo de Tehuantepec.<\/p>\n<p>La detenci\u00f3n se realiz\u00f3 al momento en que elementos de DEFENSA y la Guardia Nacional desplegaron un puesto de inspecci\u00f3n sobre la Carretera Federal 200, Tramo la Ventosa-Niltepec, luego de recibir el reporte que un tr\u00e1iler probablemente realizaba el trasiego de un cargamento de narc\u00f3ticos, el cual circulaba por esa zona.<\/p>\n<p>Los efectivos de las Fuerzas Armadas se desplegaron al lugar y al visualizar la unidad de motor que coincid\u00eda con las caracter\u00edsticas del reporte, marcaron el alto al conductor del veh\u00edculo de carga y conforme a derecho se le efectu\u00f3 una inspecci\u00f3n personal, as\u00ed como al veh\u00edculo.<\/p>\n<p>Al llevar a cabo la revisi\u00f3n, se realizaron trabajos forenses que suger\u00edan que, dentro del tanque de combustible podr\u00eda haber un objeto ajeno, por lo que, entre FGEO -a trav\u00e9s de la Vicefiscal\u00eda Regional del Istmo-, DEFENSA y Guardia Nacional, con apoyo de un especialista mec\u00e1nico, desmontaron el tanque de combustible, lo abrieron y encontraron droga empaquetada.<\/p>\n<p>Con esta acci\u00f3n se logr\u00f3 el aseguramiento de 220 paquetes con un peso aproximado de un kilogramo cada uno, los cuales contienen la droga identificada como coca\u00edna.<\/p>\n<p>En tanto, el conductor fue identificado por las iniciales J.C.M., originario de Culiac\u00e1n, en el estado de Sinaloa, quien qued\u00f3 a disposici\u00f3n del agente del Ministerio P\u00fablico.<\/p>\n<p><img fetchpriority=\"high\" decoding=\"async\" class=\"alignnone size-medium wp-image-9093\" src=\"https:\/\/portal.fgeo.gob.mx\/wp-content\/uploads\/2025\/05\/WhatsApp-Image-2025-05-26-at-1.13.40-PM-206x300.jpeg\" alt=\"\" width=\"206\" height=\"300\" \/><\/p>\n<p>Una vez realizadas las diligencias con los paquetes de coca\u00edna asegurados, se lleva a cabo el desglose de la carpeta de investigaci\u00f3n para que quede a disposici\u00f3n de la Fiscal\u00eda General de la Rep\u00fablica (FGR), para dar seguimiento al caso.<\/p>\n<p>Las labores de inteligencia coordinadas con instancias estatales y de la federaci\u00f3n son fundamentales para combatir con \u00e9xito el fen\u00f3meno delictivo, por lo que la FGEO est\u00e1 comprometida a implementar acciones que contribuyan a la seguridad p\u00fablica, la impartici\u00f3n de justicia y el abatimiento de la impunidad.<\/p>\n<p><img decoding=\"async\" class=\"alignnone size-medium wp-image-9090\" src=\"https:\/\/portal.fgeo.gob.mx\/wp-content\/uploads\/2025\/05\/WhatsApp-Image-2025-05-26-at-1.13.40-PM-3-300x225.jpeg\" alt=\"\" width=\"300\" height=\"225\" \/> <img decoding=\"async\" class=\"alignnone size-medium wp-image-9091\" src=\"https:\/\/portal.fgeo.gob.mx\/wp-content\/uploads\/2025\/05\/WhatsApp-Image-2025-05-26-at-1.13.40-PM-2-206x300.jpeg\" alt=\"\" width=\"206\" height=\"300\" \/> <img loading=\"lazy\" decoding=\"async\" class=\"alignnone size-medium wp-image-9092\" src=\"https:\/\/portal.fgeo.gob.mx\/wp-content\/uploads\/2025\/05\/WhatsApp-Image-2025-05-26-at-1.13.40-PM-1-206x300.jpeg\" alt=\"\" width=\"206\" height=\"300\" \/><\/p>\n","protected":false},"author":2,"featured_media":9029,"comment_status":"closed","ping_status":"closed","template":"","tags":[],"categoria_noticias":[],"class_list":["post-16782","noticias","type-noticias","status-publish","has-post-thumbnail","hentry"],"acf":[],"mb":[],"mfb_rest_fields":["title","gutenberg_elementor_mode"],"_links":{"self":[{"href":"https:\/\/portal.fgeo.gob.mx\/index.php\/wp-json\/wp\/v2\/noticias\/16782","targetHints":{"allow":["GET"]}}],"collection":[{"href":"https:\/\/portal.fgeo.gob.mx\/index.php\/wp-json\/wp\/v2\/noticias"}],"about":[{"href":"https:\/\/portal.fgeo.gob.mx\/index.php\/wp-json\/wp\/v2\/types\/noticias"}],"author":[{"embeddable":true,"href":"https:\/\/portal.fgeo.gob.mx\/index.php\/wp-json\/wp\/v2\/users\/2"}],"replies":[{"embeddable":true,"href":"https:\/\/portal.fgeo.gob.mx\/index.php\/wp-json\/wp\/v2\/comments?post=16782"}],"wp:featuredmedia":[{"embeddable":true,"href":"https:\/\/portal.fgeo.gob.mx\/index.php\/wp-json\/"}],"wp:attachment":[{"href":"https:\/\/portal.fgeo.gob.mx\/index.php\/wp-json\/wp\/v2\/media?parent=16782"}],"wp:term":[{"taxonomy":"post_tag","embeddable":true,"href":"https:\/\/portal.fgeo.gob.mx\/index.php\/wp-json\/wp\/v2\/tags?post=16782"},{"taxonomy":"categoria_noticias","embeddable":true,"href":"https:\/\/portal.fgeo.gob.mx\/index.php\/wp-json\/wp\/v2\/categoria_noticias?post=16782"}],"curies":[{"name":"wp","href":"https:\/\/api.w.org\/{rel}","templated":true}]}}