{"id":16781,"date":"2025-05-26T13:03:35","date_gmt":"2025-05-26T19:03:35","guid":{"rendered":"https:\/\/fge.oaxaca.gob.mx\/?post_type=noticias&amp;p=9087"},"modified":"2025-05-26T13:03:35","modified_gmt":"2025-05-26T19:03:35","slug":"boletin-1480-obtiene-fiscalia-de-oaxaca-prision-y-vinculacion-a-proceso-contra-imputado-por-tentativa-de-homicidio-con-arma-de-fuego-ocurrido-en-la-sierra-de-flores-magon","status":"publish","type":"noticias","link":"https:\/\/portal.fgeo.gob.mx\/index.php\/archivos\/noticias\/boletin-1480-obtiene-fiscalia-de-oaxaca-prision-y-vinculacion-a-proceso-contra-imputado-por-tentativa-de-homicidio-con-arma-de-fuego-ocurrido-en-la-sierra-de-flores-magon","title":{"rendered":"BOLET\u00cdN 1,480.- Obtiene Fiscal\u00eda de Oaxaca prisi\u00f3n y vinculaci\u00f3n a proceso contra imputado por tentativa de homicidio con arma de fuego, ocurrido en la Sierra de Flores Mag\u00f3n"},"content":{"rendered":"<p style=\"font-weight: 400\"><strong>Oaxaca de Ju\u00e1rez a 26 de mayo de 2025.-\u00a0<\/strong>Derivado del trabajo ministerial que realiza la Fiscal\u00eda General del Estado de Oaxaca (FGEO) se obtuvo auto de vinculaci\u00f3n a proceso y prisi\u00f3n preventiva en contra de una persona del sexo masculino identificado como I.B.M., por el delito de tentativa de homicidio calificado con ventaja, hecho ocurrido en la regi\u00f3n de la Sierra de Flores Mag\u00f3n.<\/p>\n<p style=\"font-weight: 400\">\n<p style=\"font-weight: 400\">De acuerdo con la causa penal, los hechos sucedieron el 27 de abril de 2019, en un establecimiento ubicado en la calle Mar\u00eda Sabina, perteneciente al municipio de Huautla de Jim\u00e9nez, donde la v\u00edctima -identificada como A.G.G.-, fue atacada con disparos de arma de fuego, sufriendo lesiones que pusieron en riesgo su vida.<\/p>\n<p style=\"font-weight: 400\">\n<p style=\"font-weight: 400\">Ante estos hechos, la FGEO inici\u00f3 las investigaciones correspondientes a trav\u00e9s de la Vicefiscal\u00eda General de Control Regional, las cuales permitieron obtener la orden de aprehensi\u00f3n y posteriormente la detenci\u00f3n de I.B.M., quien qued\u00f3 a disposici\u00f3n de la autoridad que lo requiri\u00f3 para su proceso legal correspondiente.<\/p>\n<p style=\"font-weight: 400\">\n<p style=\"font-weight: 400\">Luego de la primera audiencia y, gracias a las investigaciones iniciales realizadas por la FGEO, el Juez de la causa dict\u00f3 auto de vinculaci\u00f3n a proceso en contra de I.B.M., e impuso la medida cautelar de prisi\u00f3n preventiva justificada, adem\u00e1s que otorg\u00f3 un plazo de tres meses para el cierre de la investigaci\u00f3n complementaria.<\/p>\n<p style=\"font-weight: 400\">\n<p style=\"font-weight: 400\">La Fiscal\u00eda de Oaxaca garantiza investigaciones exhaustivas para esclarecer delitos, aplicando las herramientas legales para castigar a quien o quienes resulten responsables.<\/p>\n<figure id=\"attachment_9088\" aria-describedby=\"caption-attachment-9088\" style=\"width: 300px\" class=\"wp-caption alignnone\"><img fetchpriority=\"high\" decoding=\"async\" class=\"size-medium wp-image-9088\" src=\"https:\/\/portal.fgeo.gob.mx\/wp-content\/uploads\/2025\/05\/Dise%C3%B1o-sin-t%C3%ADtulo-17-300x224.jpg\" alt=\"\" width=\"300\" height=\"224\" \/><figcaption id=\"caption-attachment-9088\" class=\"wp-caption-text\">Dise\u00f1o sin t\u00edtulo &#8211; 1<\/figcaption><\/figure>\n","protected":false},"author":2,"featured_media":9029,"comment_status":"closed","ping_status":"closed","template":"","tags":[],"categoria_noticias":[],"class_list":["post-16781","noticias","type-noticias","status-publish","has-post-thumbnail","hentry"],"acf":[],"mb":[],"mfb_rest_fields":["title","gutenberg_elementor_mode"],"_links":{"self":[{"href":"https:\/\/portal.fgeo.gob.mx\/index.php\/wp-json\/wp\/v2\/noticias\/16781","targetHints":{"allow":["GET"]}}],"collection":[{"href":"https:\/\/portal.fgeo.gob.mx\/index.php\/wp-json\/wp\/v2\/noticias"}],"about":[{"href":"https:\/\/portal.fgeo.gob.mx\/index.php\/wp-json\/wp\/v2\/types\/noticias"}],"author":[{"embeddable":true,"href":"https:\/\/portal.fgeo.gob.mx\/index.php\/wp-json\/wp\/v2\/users\/2"}],"replies":[{"embeddable":true,"href":"https:\/\/portal.fgeo.gob.mx\/index.php\/wp-json\/wp\/v2\/comments?post=16781"}],"wp:featuredmedia":[{"embeddable":true,"href":"https:\/\/portal.fgeo.gob.mx\/index.php\/wp-json\/"}],"wp:attachment":[{"href":"https:\/\/portal.fgeo.gob.mx\/index.php\/wp-json\/wp\/v2\/media?parent=16781"}],"wp:term":[{"taxonomy":"post_tag","embeddable":true,"href":"https:\/\/portal.fgeo.gob.mx\/index.php\/wp-json\/wp\/v2\/tags?post=16781"},{"taxonomy":"categoria_noticias","embeddable":true,"href":"https:\/\/portal.fgeo.gob.mx\/index.php\/wp-json\/wp\/v2\/categoria_noticias?post=16781"}],"curies":[{"name":"wp","href":"https:\/\/api.w.org\/{rel}","templated":true}]}}