{"id":16779,"date":"2025-05-24T11:01:07","date_gmt":"2025-05-24T17:01:07","guid":{"rendered":"https:\/\/fge.oaxaca.gob.mx\/?post_type=noticias&amp;p=9078"},"modified":"2025-05-24T11:01:07","modified_gmt":"2025-05-24T17:01:07","slug":"boletin-1478-fgeo-logra-vinculacion-a-proceso-y-prision-contra-un-hombre-por-tentativa-de-feminicidio-en-agravio-de-su-pareja-ocurrido-en-el-distrito-de-ixtlan-de-juarez","status":"publish","type":"noticias","link":"https:\/\/portal.fgeo.gob.mx\/index.php\/archivos\/noticias\/boletin-1478-fgeo-logra-vinculacion-a-proceso-y-prision-contra-un-hombre-por-tentativa-de-feminicidio-en-agravio-de-su-pareja-ocurrido-en-el-distrito-de-ixtlan-de-juarez","title":{"rendered":"BOLET\u00cdN 1,478.- FGEO logra vinculaci\u00f3n a proceso y prisi\u00f3n contra un hombre por tentativa de feminicidio en agravio de su pareja, ocurrido en el distrito de Ixtl\u00e1n de Ju\u00e1rez"},"content":{"rendered":"<p><strong>Oaxaca de Ju\u00e1rez a 24 de mayo de 2025. &#8211; <\/strong>La Fiscal\u00eda General del Estado de Oaxaca (FGEO) obtuvo auto de vinculaci\u00f3n a proceso contra la persona del sexo masculino identificada como M.G.R., por el delito de tentativa de feminicidio en contra de su pareja, hechos ocurridos en la Sierra Norte de Oaxaca.<\/p>\n<p>&nbsp;<\/p>\n<p>De acuerdo con la carpeta de investigaci\u00f3n, los hechos ocurrieron el 07 de mayo de 2025, en un domicilio ubicado en el Barrio Cuatro Caminos, perteneciente al municipio de Natividad, distrito de Ixtl\u00e1n de Ju\u00e1rez, donde atacaron a la v\u00edctima con un arma corto contundente, caus\u00e1ndole lesiones en diversas partes del cuerpo que pusieron en peligro su vida.<\/p>\n<p>&nbsp;<\/p>\n<p>Ante estos hechos y, tras la solicitud de auxilio de la v\u00edctima que cont\u00f3 con el apoyo de un grupo de vecinos, la polic\u00eda municipal de la zona intervino y logr\u00f3 la detenci\u00f3n en flagrancia del imputado, quien fue se\u00f1alado como la persona que ejerci\u00f3 violencia en contra de la v\u00edctima, por lo que M.G.R. fue puesto a disposici\u00f3n de la autoridad correspondiente.<\/p>\n<p>&nbsp;<\/p>\n<p>Derivado de las investigaciones ministeriales que lleva a cabo la FGEO, a trav\u00e9s de la Vicefiscal\u00eda de Control Regional aport\u00f3 los datos de prueba que el Juez de la causa valor\u00f3 y calific\u00f3 como legal la detenci\u00f3n y posteriormente dict\u00f3 auto de vinculaci\u00f3n a proceso en contra de M.G.R., por el delito de tentativa de feminicidio e impuso la medida cautelar de prisi\u00f3n preventiva justificada, adem\u00e1s de otorgar cuatro meses para el cierre de investigaci\u00f3n complementaria.<\/p>\n<p>&nbsp;<\/p>\n<p>Ante casos de delitos cometidos contra mujeres, ni\u00f1as y adolescentes, la Fiscal\u00eda de Oaxaca tiene como prioridad procurar justicia para las v\u00edctimas directas e indirectas de estos hechos, con el objetivo de evitar la impunidad y desincentivar la comisi\u00f3n de estos actos que lesionan profundamente el tejido social.<\/p>\n<p style=\"text-align: center\">\n<p style=\"text-align: center\"><img fetchpriority=\"high\" decoding=\"async\" class=\"alignnone size-medium wp-image-9079\" src=\"https:\/\/portal.fgeo.gob.mx\/wp-content\/uploads\/2025\/05\/IMAGEN-BOLET%C3%8DN-1478-169x300.png\" alt=\"\" width=\"169\" height=\"300\" \/><\/p>\n<p>&nbsp;<\/p>\n","protected":false},"author":2,"featured_media":9029,"comment_status":"closed","ping_status":"closed","template":"","tags":[],"categoria_noticias":[],"class_list":["post-16779","noticias","type-noticias","status-publish","has-post-thumbnail","hentry"],"acf":[],"mb":[],"mfb_rest_fields":["title","gutenberg_elementor_mode"],"_links":{"self":[{"href":"https:\/\/portal.fgeo.gob.mx\/index.php\/wp-json\/wp\/v2\/noticias\/16779","targetHints":{"allow":["GET"]}}],"collection":[{"href":"https:\/\/portal.fgeo.gob.mx\/index.php\/wp-json\/wp\/v2\/noticias"}],"about":[{"href":"https:\/\/portal.fgeo.gob.mx\/index.php\/wp-json\/wp\/v2\/types\/noticias"}],"author":[{"embeddable":true,"href":"https:\/\/portal.fgeo.gob.mx\/index.php\/wp-json\/wp\/v2\/users\/2"}],"replies":[{"embeddable":true,"href":"https:\/\/portal.fgeo.gob.mx\/index.php\/wp-json\/wp\/v2\/comments?post=16779"}],"wp:featuredmedia":[{"embeddable":true,"href":"https:\/\/portal.fgeo.gob.mx\/index.php\/wp-json\/"}],"wp:attachment":[{"href":"https:\/\/portal.fgeo.gob.mx\/index.php\/wp-json\/wp\/v2\/media?parent=16779"}],"wp:term":[{"taxonomy":"post_tag","embeddable":true,"href":"https:\/\/portal.fgeo.gob.mx\/index.php\/wp-json\/wp\/v2\/tags?post=16779"},{"taxonomy":"categoria_noticias","embeddable":true,"href":"https:\/\/portal.fgeo.gob.mx\/index.php\/wp-json\/wp\/v2\/categoria_noticias?post=16779"}],"curies":[{"name":"wp","href":"https:\/\/api.w.org\/{rel}","templated":true}]}}