{"id":16778,"date":"2025-05-23T17:27:51","date_gmt":"2025-05-23T23:27:51","guid":{"rendered":"https:\/\/fge.oaxaca.gob.mx\/?post_type=noticias&amp;p=9072"},"modified":"2025-05-23T17:27:51","modified_gmt":"2025-05-23T23:27:51","slug":"boletin-1477-coordinacion-rapida-y-eficaz-entre-fgeo-policia-municipal-de-oaxaca-policia-estatal-y-c4-permitio-detencion-de-tres-personas-por-asalto-cometido-en-la-colonia-reforma-de-la-capital","status":"publish","type":"noticias","link":"https:\/\/portal.fgeo.gob.mx\/index.php\/archivos\/noticias\/boletin-1477-coordinacion-rapida-y-eficaz-entre-fgeo-policia-municipal-de-oaxaca-policia-estatal-y-c4-permitio-detencion-de-tres-personas-por-asalto-cometido-en-la-colonia-reforma-de-la-capital","title":{"rendered":"BOLET\u00cdN 1,477.- Coordinaci\u00f3n r\u00e1pida y eficaz entre FGEO, Polic\u00eda Municipal de Oaxaca, Polic\u00eda Estatal y C4, permiti\u00f3 detenci\u00f3n de tres personas por asalto cometido en la colonia Reforma de la capital\u201d: confirma el Fiscal General, Bernardo Rodr\u00edguez Alamilla"},"content":{"rendered":"<p>* Se logr\u00f3 establecer que dos de los detenidos son originarios de la Ciudad de M\u00e9xico, mientras que el otro es del Estado de M\u00e9xico, quedaron a disposici\u00f3n del MP<br \/>\nLa reacci\u00f3n inmediata de la Polic\u00eda Municipal de Oaxaca y de la Polic\u00eda Estatal, as\u00ed como la coordinaci\u00f3n con la Fiscal\u00eda General del Estado de Oaxaca (FGEO), a trav\u00e9s del Mando de Coordinaci\u00f3n de Seguridad Metropolitana, permitieron la detenci\u00f3n de tres personas, dos originarios de la Ciudad de M\u00e9xico y uno m\u00e1s del Estado de M\u00e9xico por su probable participaci\u00f3n en un asalto registrado la tarde de este viernes 23 de mayo de 2025, en calles de la colonia Reforma, en el norte de la capital de la entidad.<\/p>\n<p>\u201cGracias a la de la r\u00e1pida intervenci\u00f3n de la Polic\u00eda Municipal de Oaxaca de Ju\u00e1rez y la Polic\u00eda Estatal, en coordinaci\u00f3n con elementos de la Agencia Estatal de Investigaciones de la FGEO, as\u00ed como la participaci\u00f3n del Centro de Control, Comando y Comunicaci\u00f3n (C4), se realizaron los trabajos de campo sobre la calzada Porfirio D\u00edaz y alrededores, que permitieron la detenci\u00f3n de tres personas de sexo masculino, quienes quedaron a disposici\u00f3n del Ministerio P\u00fablico que se encarga de los trabajos para establecer su nivel de involucramiento en el asalto\u201d, confirm\u00f3 el Fiscal de Oaxaca, Bernardo Rodr\u00edguez Alamilla.<\/p>\n<p>La Fiscal\u00eda General del Estado de Oaxaca inici\u00f3 las investigaciones y labores ministeriales correspondientes, luego de tomar conocimiento de estos hechos ocurridos en la colonia Reforma, de la ciudad de Oaxaca de Ju\u00e1rez, en los que una persona fue v\u00edctima de robo con violencia.<\/p>\n<p>\u201cEn el lugar de los hechos se llevan a cabo los primeros actos de investigaci\u00f3n para contar con los elementos para delinear de manera s\u00f3lida las l\u00edneas de investigaci\u00f3n en torno al caso, por lo que se realiz\u00f3 el aseguramiento de cinco lugares en donde se encontraron casquillos de arma de fuego, junto con la detenci\u00f3n de tres personas\u201d, detall\u00f3 el Fiscal General del Estado de Oaxaca, Bernardo Rodr\u00edguez Alamilla.<\/p>\n<p>La Fiscal\u00eda de Oaxaca se ci\u00f1e a protocolos de investigaci\u00f3n criminal que cumplen con los est\u00e1ndares internacionales de procuraci\u00f3n de justicia para que las v\u00edctimas directas e indirectas tengan pleno acceso a la justicia.<\/p>\n<p><img fetchpriority=\"high\" decoding=\"async\" class=\"alignnone size-medium wp-image-9074\" src=\"https:\/\/portal.fgeo.gob.mx\/wp-content\/uploads\/2025\/05\/WhatsApp-Image-2025-05-23-at-5.15.44-PM-300x169.jpeg\" alt=\"\" width=\"300\" height=\"169\" \/> <img decoding=\"async\" class=\"alignnone size-medium wp-image-9075\" src=\"https:\/\/portal.fgeo.gob.mx\/wp-content\/uploads\/2025\/05\/WhatsApp-Image-2025-05-23-at-5.15.30-PM-169x300.jpeg\" alt=\"\" width=\"169\" height=\"300\" \/> <img decoding=\"async\" class=\"alignnone size-medium wp-image-9076\" src=\"https:\/\/portal.fgeo.gob.mx\/wp-content\/uploads\/2025\/05\/WhatsApp-Image-2025-05-23-at-5.15.28-PM-300x200.jpeg\" alt=\"\" width=\"300\" height=\"200\" \/> <img loading=\"lazy\" decoding=\"async\" class=\"alignnone size-medium wp-image-9077\" src=\"https:\/\/portal.fgeo.gob.mx\/wp-content\/uploads\/2025\/05\/WhatsApp-Image-2025-05-23-at-5.15.21-PM-300x173.jpeg\" alt=\"\" width=\"300\" height=\"173\" \/><\/p>\n","protected":false},"author":2,"featured_media":9029,"comment_status":"closed","ping_status":"closed","template":"","tags":[],"categoria_noticias":[],"class_list":["post-16778","noticias","type-noticias","status-publish","has-post-thumbnail","hentry"],"acf":[],"mb":[],"mfb_rest_fields":["title","gutenberg_elementor_mode"],"_links":{"self":[{"href":"https:\/\/portal.fgeo.gob.mx\/index.php\/wp-json\/wp\/v2\/noticias\/16778","targetHints":{"allow":["GET"]}}],"collection":[{"href":"https:\/\/portal.fgeo.gob.mx\/index.php\/wp-json\/wp\/v2\/noticias"}],"about":[{"href":"https:\/\/portal.fgeo.gob.mx\/index.php\/wp-json\/wp\/v2\/types\/noticias"}],"author":[{"embeddable":true,"href":"https:\/\/portal.fgeo.gob.mx\/index.php\/wp-json\/wp\/v2\/users\/2"}],"replies":[{"embeddable":true,"href":"https:\/\/portal.fgeo.gob.mx\/index.php\/wp-json\/wp\/v2\/comments?post=16778"}],"wp:featuredmedia":[{"embeddable":true,"href":"https:\/\/portal.fgeo.gob.mx\/index.php\/wp-json\/"}],"wp:attachment":[{"href":"https:\/\/portal.fgeo.gob.mx\/index.php\/wp-json\/wp\/v2\/media?parent=16778"}],"wp:term":[{"taxonomy":"post_tag","embeddable":true,"href":"https:\/\/portal.fgeo.gob.mx\/index.php\/wp-json\/wp\/v2\/tags?post=16778"},{"taxonomy":"categoria_noticias","embeddable":true,"href":"https:\/\/portal.fgeo.gob.mx\/index.php\/wp-json\/wp\/v2\/categoria_noticias?post=16778"}],"curies":[{"name":"wp","href":"https:\/\/api.w.org\/{rel}","templated":true}]}}