{"id":16775,"date":"2025-05-22T16:12:50","date_gmt":"2025-05-22T22:12:50","guid":{"rendered":"https:\/\/fge.oaxaca.gob.mx\/?post_type=noticias&amp;p=9065"},"modified":"2025-05-22T16:12:50","modified_gmt":"2025-05-22T22:12:50","slug":"boletin-1474-detienen-a-j-m-r-m-alias-el-cochambres-considerado-como-objetivo-prioritario-y-generador-de-violencia-en-la-region-de-los-valles-centrales-y-la-cuenca","status":"publish","type":"noticias","link":"https:\/\/portal.fgeo.gob.mx\/index.php\/archivos\/noticias\/boletin-1474-detienen-a-j-m-r-m-alias-el-cochambres-considerado-como-objetivo-prioritario-y-generador-de-violencia-en-la-region-de-los-valles-centrales-y-la-cuenca","title":{"rendered":"BOLET\u00cdN 1474.- Detienen a J.M.R.M., alias \u201cEl Cochambres\u201d, considerado como objetivo prioritario y generador de violencia en la regi\u00f3n de los Valles Centrales y la Cuenca"},"content":{"rendered":"<p><strong>Oaxaca de Ju\u00e1rez a 22 \u00a0de mayo de 2025. &#8211;\u00a0<\/strong>\u00a0 La Fiscal\u00eda General del Estado de Oaxaca (FGEO) ejecut\u00f3 una orden de aprehensi\u00f3n en contra de una persona del sexo masculino identificada como J.M.R.M., alias \u201cEl Cochambres\u201d, por hechos delictivos ocurridos en la regi\u00f3n de Valles Centrales, las investigaciones en inteligencia criminal en torno al caso permitieron establecer que se le considera objetivo prioritario por ser generador de violencia y estar\u00eda vinculado a diversas investigaciones activas por la comisi\u00f3n de diferentes delitos como homicidio, extorsi\u00f3n, cobro de piso, entre otros.<\/p>\n<p>Tras recibir la denuncia correspondiente, la FGEO inici\u00f3 las investigaciones a trav\u00e9s de un equipo multidisciplinario, por lo que derivado de las acciones ministeriales se obtuvo la orden de aprehensi\u00f3n correspondiente.<\/p>\n<p>La aprehensi\u00f3n de J.M.R.M., alias \u201cEl Cochambres\u201d se dio la tarde de este jueves 22 de mayo de 2025, luego del reporte de un accidente vial en el que se vio involucrado en calles del Centro de la capital de Oaxaca, por lo cual se realiz\u00f3 un operativo coordinado para realizar la detenci\u00f3n, en el que participaron la Agencia Estatal de Investigaciones (AEI), la Unidad Especializada en Combate al Secuestro (UECS), la Secretar\u00eda de la Defensa Nacional (DEFENSA), la Secretar\u00eda de la Marina, la Polic\u00eda Estatal, la Guardia Nacional y Polic\u00eda Vial Estatal.<\/p>\n<p>Tras la captura, se mont\u00f3 un dispositivo de seguridad para garantizar su traslado a los separos, despliegue que se llev\u00f3 a cabo por estar considerado como un objetivo prioritario, as\u00ed como uno de los generadores de violencia en diferentes regiones.<\/p>\n<p>De acuerdo con informaci\u00f3n de inteligencia criminal J.M.R.M., alias \u201cCochambres\u201d, cuenta con se\u00f1alamientos en diversas carpetas de investigaci\u00f3n activas por su involucramiento con actividades criminales, pues se le identifica como l\u00edder de una c\u00e9lula delictiva local.<\/p>\n<p>El resultado de los trabajos de inteligencia de la FGEO, establecen que operaba en las regiones de la Cuenca del Papaloapan y Valles Centrales, actividades por las que cuenta con procesos de investigaci\u00f3n vigentes en su contra por su probable participaci\u00f3n en la comisi\u00f3n de delitos como homicidio, extorsi\u00f3n, delincuencia organizada, secuestro, cobro de piso, trasiego de drogas, portaci\u00f3n ilegal de arma de fuego, amenazas y narcomenudeo.<\/p>\n<p>La Fiscal\u00eda de Oaxaca reitera su compromiso de investigar en forma integral los delitos de alto impacto, con el prop\u00f3sito de garantizar las condiciones \u00f3ptimas de seguridad y procuraci\u00f3n de justicia para las ocho regiones de la entidad.<\/p>\n<p><img fetchpriority=\"high\" decoding=\"async\" class=\"alignnone size-medium wp-image-9066\" src=\"https:\/\/portal.fgeo.gob.mx\/wp-content\/uploads\/2025\/05\/WhatsApp-Image-2025-05-22-at-3.53.48-PM-225x300.jpeg\" alt=\"\" width=\"225\" height=\"300\" \/> <img decoding=\"async\" class=\"alignnone size-medium wp-image-9067\" src=\"https:\/\/portal.fgeo.gob.mx\/wp-content\/uploads\/2025\/05\/BOLET%C3%8DN-1474-300x200.jpeg\" alt=\"\" width=\"300\" height=\"200\" \/> <img decoding=\"async\" class=\"alignnone size-medium wp-image-9068\" src=\"https:\/\/portal.fgeo.gob.mx\/wp-content\/uploads\/2025\/05\/BOLET%C3%8DN-1474-2-300x202.jpeg\" alt=\"\" width=\"300\" height=\"202\" \/><\/p>\n<p>&nbsp;<\/p>\n","protected":false},"author":2,"featured_media":9029,"comment_status":"closed","ping_status":"closed","template":"","tags":[],"categoria_noticias":[],"class_list":["post-16775","noticias","type-noticias","status-publish","has-post-thumbnail","hentry"],"acf":[],"mb":[],"mfb_rest_fields":["title","gutenberg_elementor_mode"],"_links":{"self":[{"href":"https:\/\/portal.fgeo.gob.mx\/index.php\/wp-json\/wp\/v2\/noticias\/16775","targetHints":{"allow":["GET"]}}],"collection":[{"href":"https:\/\/portal.fgeo.gob.mx\/index.php\/wp-json\/wp\/v2\/noticias"}],"about":[{"href":"https:\/\/portal.fgeo.gob.mx\/index.php\/wp-json\/wp\/v2\/types\/noticias"}],"author":[{"embeddable":true,"href":"https:\/\/portal.fgeo.gob.mx\/index.php\/wp-json\/wp\/v2\/users\/2"}],"replies":[{"embeddable":true,"href":"https:\/\/portal.fgeo.gob.mx\/index.php\/wp-json\/wp\/v2\/comments?post=16775"}],"wp:featuredmedia":[{"embeddable":true,"href":"https:\/\/portal.fgeo.gob.mx\/index.php\/wp-json\/"}],"wp:attachment":[{"href":"https:\/\/portal.fgeo.gob.mx\/index.php\/wp-json\/wp\/v2\/media?parent=16775"}],"wp:term":[{"taxonomy":"post_tag","embeddable":true,"href":"https:\/\/portal.fgeo.gob.mx\/index.php\/wp-json\/wp\/v2\/tags?post=16775"},{"taxonomy":"categoria_noticias","embeddable":true,"href":"https:\/\/portal.fgeo.gob.mx\/index.php\/wp-json\/wp\/v2\/categoria_noticias?post=16775"}],"curies":[{"name":"wp","href":"https:\/\/api.w.org\/{rel}","templated":true}]}}