{"id":16774,"date":"2025-05-22T13:01:43","date_gmt":"2025-05-22T19:01:43","guid":{"rendered":"https:\/\/fge.oaxaca.gob.mx\/?post_type=noticias&amp;p=9062"},"modified":"2025-05-22T13:01:43","modified_gmt":"2025-05-22T19:01:43","slug":"boletin-1473-fgeo-logra-vinculacion-a-proceso-contra-dos-personas-por-el-delito-contra-la-salud-en-la-costa","status":"publish","type":"noticias","link":"https:\/\/portal.fgeo.gob.mx\/index.php\/archivos\/noticias\/boletin-1473-fgeo-logra-vinculacion-a-proceso-contra-dos-personas-por-el-delito-contra-la-salud-en-la-costa","title":{"rendered":"BOLET\u00cdN 1,473.- FGEO logra vinculaci\u00f3n a proceso contra dos personas por el delito contra la salud en la Costa"},"content":{"rendered":"<p style=\"font-weight: 400\"><strong>Oaxaca de Ju\u00e1rez a 22 de mayo de 2025.-\u00a0<\/strong>La Fiscal\u00eda General del Estado de Oaxaca (FGEO) obtuvo auto de vinculaci\u00f3n a proceso en contra de dos personas del sexo masculino identificados como J.V.H. y J.S.D., por el delito contra la salud en agravio de la sociedad, cometido en la regi\u00f3n de la Costa.<\/p>\n<p style=\"font-weight: 400\">\n<p style=\"font-weight: 400\">De acuerdo con el expediente penal, los imputados fueron detenidos por elementos de la polic\u00eda municipal que realizaban un recorrido de vigilancia y disuasi\u00f3n en inmediaciones de la colonia Vicente Guerrero del municipio de Santiago Pinotepa Nacional.<\/p>\n<p style=\"font-weight: 400\">\n<p style=\"font-weight: 400\">Durante la detenci\u00f3n, a los imputados que viajaban a bordo de una motocicleta les fueron aseguradas diversas bolsas de droga conocida como cristal, adem\u00e1s de hierba seca con las caracter\u00edsticas propias de la marihuana.<\/p>\n<p style=\"font-weight: 400\">\n<p style=\"font-weight: 400\">Por estos hechos, J.V.H. y J.S.D., fueron trasladados ante las autoridades ministeriales adscritas a la Vicefiscal\u00eda Regional de la Costa, que qued\u00f3 a cargo de las indagatorias.<\/p>\n<p style=\"font-weight: 400\">\n<p style=\"font-weight: 400\">Al presentar los datos de prueba aportados por la FGEO, el Juez de la causa dict\u00f3 la vinculaci\u00f3n a proceso en contra de J.V.H. y J.S.D., por el delito contra la salud, imponiendo la medida cautelar de prisi\u00f3n preventiva, adem\u00e1s de otorgar un mes para el cierre de la investigaci\u00f3n.<\/p>\n<p style=\"font-weight: 400\">\n<p style=\"font-weight: 400\">La Fiscal\u00eda de Oaxaca prioriza la investigaci\u00f3n de los delitos que atenten contra la sociedad como lo son los delitos contra la salud, los cuales, pues est\u00e1n directamente relacionados con otras conductas delictivas.<\/p>\n<p style=\"font-weight: 400\">\n<figure id=\"attachment_9063\" aria-describedby=\"caption-attachment-9063\" style=\"width: 300px\" class=\"wp-caption alignnone\"><img fetchpriority=\"high\" decoding=\"async\" class=\"size-medium wp-image-9063\" src=\"https:\/\/portal.fgeo.gob.mx\/wp-content\/uploads\/2025\/05\/Dise%C3%B1o-sin-t%C3%ADtulo-1-4-300x189.jpg\" alt=\"\" width=\"300\" height=\"189\" \/><figcaption id=\"caption-attachment-9063\" class=\"wp-caption-text\">Dise\u00f1o sin t\u00edtulo &#8211; 1<\/figcaption><\/figure>\n<figure id=\"attachment_9064\" aria-describedby=\"caption-attachment-9064\" style=\"width: 300px\" class=\"wp-caption alignnone\"><img decoding=\"async\" class=\"size-medium wp-image-9064\" src=\"https:\/\/portal.fgeo.gob.mx\/wp-content\/uploads\/2025\/05\/Dise%C3%B1o-sin-t%C3%ADtulo-16-300x154.jpg\" alt=\"\" width=\"300\" height=\"154\" \/><figcaption id=\"caption-attachment-9064\" class=\"wp-caption-text\">Dise\u00f1o sin t\u00edtulo &#8211; 1<\/figcaption><\/figure>\n","protected":false},"author":2,"featured_media":9029,"comment_status":"closed","ping_status":"closed","template":"","tags":[],"categoria_noticias":[],"class_list":["post-16774","noticias","type-noticias","status-publish","has-post-thumbnail","hentry"],"acf":[],"mb":[],"mfb_rest_fields":["title","gutenberg_elementor_mode"],"_links":{"self":[{"href":"https:\/\/portal.fgeo.gob.mx\/index.php\/wp-json\/wp\/v2\/noticias\/16774","targetHints":{"allow":["GET"]}}],"collection":[{"href":"https:\/\/portal.fgeo.gob.mx\/index.php\/wp-json\/wp\/v2\/noticias"}],"about":[{"href":"https:\/\/portal.fgeo.gob.mx\/index.php\/wp-json\/wp\/v2\/types\/noticias"}],"author":[{"embeddable":true,"href":"https:\/\/portal.fgeo.gob.mx\/index.php\/wp-json\/wp\/v2\/users\/2"}],"replies":[{"embeddable":true,"href":"https:\/\/portal.fgeo.gob.mx\/index.php\/wp-json\/wp\/v2\/comments?post=16774"}],"wp:featuredmedia":[{"embeddable":true,"href":"https:\/\/portal.fgeo.gob.mx\/index.php\/wp-json\/"}],"wp:attachment":[{"href":"https:\/\/portal.fgeo.gob.mx\/index.php\/wp-json\/wp\/v2\/media?parent=16774"}],"wp:term":[{"taxonomy":"post_tag","embeddable":true,"href":"https:\/\/portal.fgeo.gob.mx\/index.php\/wp-json\/wp\/v2\/tags?post=16774"},{"taxonomy":"categoria_noticias","embeddable":true,"href":"https:\/\/portal.fgeo.gob.mx\/index.php\/wp-json\/wp\/v2\/categoria_noticias?post=16774"}],"curies":[{"name":"wp","href":"https:\/\/api.w.org\/{rel}","templated":true}]}}